{"id":189059,"date":"2021-09-30T17:46:59","date_gmt":"2021-09-30T20:46:59","guid":{"rendered":"https:\/\/diarioregionaldigital.com.br\/?p=189059"},"modified":"2021-09-30T17:46:59","modified_gmt":"2021-09-30T20:46:59","slug":"rio-2016-teve-manipulacao-de-resultados-no-boxe-diz-investigacao","status":"publish","type":"post","link":"https:\/\/diarioregionaldigital.com.br\/?p=189059","title":{"rendered":"Rio 2016 teve manipula\u00e7\u00e3o de resultados no boxe, diz investiga\u00e7\u00e3o"},"content":{"rendered":"<p>Um sistema de manipula\u00e7\u00e3o foi usado no torneio de boxe da Olimp\u00edada do Rio de Janeiro de 2016, apontou uma investiga\u00e7\u00e3o independente encomendada pela Associa\u00e7\u00e3o Internacional de Boxe (Aiba) em um relat\u00f3rio nesta quinta-feira (30).<\/p>\n<p>O chefe da investiga\u00e7\u00e3o, Richard McLaren, disse que os tr\u00eas primeiros est\u00e1gios da investiga\u00e7\u00e3o analisaram a arbitragem e os ju\u00edzes da Rio 2016, na qual decis\u00f5es pol\u00eamicas em certas lutas renderam manchetes.<\/p>\n<p>&#8220;As sementes disso foram plantadas anos antes, come\u00e7ando no m\u00ednimo nos Jogos Ol\u00edmpicos do s\u00e9culo 21 at\u00e9 os eventos de cerca de 2011 e Londres 2012&#8221;, disse McLaren em uma coletiva de imprensa em Lausanne. &#8220;As competi\u00e7\u00f5es eliminat\u00f3rias ao longo do caminho para a participa\u00e7\u00e3o no Rio em 2016 foram o campo de treino para a corrup\u00e7\u00e3o e manipula\u00e7\u00e3o de lutas no Rio&#8221;, afirmou. &#8220;Na eliminat\u00f3ria ol\u00edmpica, a metodologia de manipula\u00e7\u00e3o foi calibrada em antecipa\u00e7\u00e3o ao uso no Rio&#8221;.<\/p>\n<p>McLaren disse que n\u00e3o poderia comentar se os resultados das lutas manipuladas ser\u00e3o revertidos e que, como investigador-chefe, n\u00e3o cabe a ele decidir.<\/p>\n<p>O relat\u00f3rio disse que um estudo abrangente indicou que ao menos nove combates s\u00e3o suspeitos e que dois fizeram o sistema &#8220;desmoronar publicamente&#8221;.<\/p>\n<p>Entre eles est\u00e3o a disputa da medalha de ouro dos pesos-pesados entre o russo Evgeny Tischenko, que sagrou-se campe\u00e3o, e o casaque Vassily Levit, e a luta das quartas de final dos pesos-galo entre o irland\u00eas Michael Conlon e o russo Vladimir Nikitin, que foi medalhista de bronze.<\/p>\n<p><span style=\"font-weight: 400;\"><br \/>\n<\/span><span style=\"font-weight: 400;\">Fonte: Ag\u00eancia Brasil<\/span><\/p>\n","protected":false},"excerpt":{"rendered":"<p>Um sistema de manipula\u00e7\u00e3o foi usado no torneio de boxe da Olimp\u00edada do Rio de Janeiro de 2016, apontou uma investiga\u00e7\u00e3o independente encomendada pela Associa\u00e7\u00e3o Internacional de Boxe (Aiba) em um relat\u00f3rio nesta quinta-feira (30). O chefe da investiga\u00e7\u00e3o, Richard McLaren, disse que os tr\u00eas primeiros est\u00e1gios da investiga\u00e7\u00e3o analisaram a arbitragem e os ju\u00edzes [&hellip;]<\/p>\n","protected":false},"author":246,"featured_media":189060,"comment_status":"closed","ping_status":"closed","sticky":false,"template":"","format":"standard","meta":{"footnotes":""},"categories":[436,257],"tags":[],"class_list":["post-189059","post","type-post","status-publish","format-standard","has-post-thumbnail","hentry","category-destaque-da-semana","category-esporte"],"_links":{"self":[{"href":"https:\/\/diarioregionaldigital.com.br\/index.php?rest_route=\/wp\/v2\/posts\/189059","targetHints":{"allow":["GET"]}}],"collection":[{"href":"https:\/\/diarioregionaldigital.com.br\/index.php?rest_route=\/wp\/v2\/posts"}],"about":[{"href":"https:\/\/diarioregionaldigital.com.br\/index.php?rest_route=\/wp\/v2\/types\/post"}],"author":[{"embeddable":true,"href":"https:\/\/diarioregionaldigital.com.br\/index.php?rest_route=\/wp\/v2\/users\/246"}],"replies":[{"embeddable":true,"href":"https:\/\/diarioregionaldigital.com.br\/index.php?rest_route=%2Fwp%2Fv2%2Fcomments&post=189059"}],"version-history":[{"count":1,"href":"https:\/\/diarioregionaldigital.com.br\/index.php?rest_route=\/wp\/v2\/posts\/189059\/revisions"}],"predecessor-version":[{"id":189061,"href":"https:\/\/diarioregionaldigital.com.br\/index.php?rest_route=\/wp\/v2\/posts\/189059\/revisions\/189061"}],"wp:featuredmedia":[{"embeddable":true,"href":"https:\/\/diarioregionaldigital.com.br\/index.php?rest_route=\/wp\/v2\/media\/189060"}],"wp:attachment":[{"href":"https:\/\/diarioregionaldigital.com.br\/index.php?rest_route=%2Fwp%2Fv2%2Fmedia&parent=189059"}],"wp:term":[{"taxonomy":"category","embeddable":true,"href":"https:\/\/diarioregionaldigital.com.br\/index.php?rest_route=%2Fwp%2Fv2%2Fcategories&post=189059"},{"taxonomy":"post_tag","embeddable":true,"href":"https:\/\/diarioregionaldigital.com.br\/index.php?rest_route=%2Fwp%2Fv2%2Ftags&post=189059"}],"curies":[{"name":"wp","href":"https:\/\/api.w.org\/{rel}","templated":true}]}}