{"id":189031,"date":"2021-09-30T16:56:47","date_gmt":"2021-09-30T19:56:47","guid":{"rendered":"https:\/\/diarioregionaldigital.com.br\/?p=189031"},"modified":"2021-09-30T16:56:47","modified_gmt":"2021-09-30T19:56:47","slug":"em-nova-projecao-ipea-ve-inflacao-em-2021-acima-de-8","status":"publish","type":"post","link":"https:\/\/diarioregionaldigital.com.br\/?p=189031","title":{"rendered":"Em nova proje\u00e7\u00e3o, Ipea v\u00ea infla\u00e7\u00e3o em 2021 acima de 8%"},"content":{"rendered":"<p>O Instituto de Pesquisa Econ\u00f4mica Aplicada (Ipea) divulgou nesta tarde (30) sua nova an\u00e1lise de conjuntura sobre a economia brasileira. O documento aponta que a infla\u00e7\u00e3o brasileira est\u00e1 pressionada pela desvaloriza\u00e7\u00e3o cambial, pela alta dos pre\u00e7os internacionais das\u00a0<em>commodities<\/em>\u00a0e pela crise h\u00eddrica. Estima-se que o \u00cdndice Nacional de Pre\u00e7os ao Consumidor Amplo (IPCA) fechar\u00e1 o ano com alta de 8,3% e o \u00cdndice Nacional de Pre\u00e7o ao Consumidor (INPC) com alta de 8,6%.<img decoding=\"async\" src=\"https:\/\/agenciabrasil.ebc.com.br\/ebc.png?id=1423104&amp;o=node\" \/><img decoding=\"async\" src=\"https:\/\/agenciabrasil.ebc.com.br\/ebc.gif?id=1423104&amp;o=node\" \/><\/p>\n<p>At\u00e9 agosto, o IPCA registrou um crescimento no ano de 5,67%. J\u00e1 \u00e9 um percentual superior aos 5,25% estabelecidos como limite da meta estipulada pelo Conselho Monet\u00e1rio Nacional (CMN) para 2021. Por outro lado, o Ipea aposta em desacelera\u00e7\u00e3o da infla\u00e7\u00e3o em 2022. A estimativa \u00e9 que o IPCA feche o pr\u00f3ximo ano em 4,1% e que o INPC fique em 3,9%.<\/p>\n<p>Os dados constam na Carta de Conjuntura n\u00ba 52. &#8220;Um dos grandes desafios macroecon\u00f4micos no curto e m\u00e9dio prazo \u00e9 a calibragem adequada da pol\u00edtica monet\u00e1ria, de modo a trazer a infla\u00e7\u00e3o de volta para o centro da meta sem comprometer a retomada&#8221;, diz o documento.<\/p>\n<p>A pesquisa do Ipea revela uma proje\u00e7\u00e3o pr\u00f3xima ao do Boletim Focus, divulgado semanalmente pelo Banco Central (BC). A \u00faltima edi\u00e7\u00e3o, publicada no in\u00edcio dessa semana, trouxe uma nova previs\u00e3o do\u00a0<a href=\"https:\/\/agenciabrasil.ebc.com.br\/economia\/noticia\/2021-09\/mercado-financeiro-eleva-projecao-da-inflacao-para-845\" target=\"_blank\" rel=\"noopener\">mercado financeiro<\/a>\u00a0para o IPCA de 2021. A estimativa \u00e9 de 8,45%.<\/p>\n<p>Em rela\u00e7\u00e3o ao Produto Interno Bruto (PIB &#8211; PIB, soma de todos os bens e servi\u00e7os produzidos no pa\u00eds) de 2021, o\u00a0<a href=\"https:\/\/agenciabrasil.ebc.com.br\/radioagencia-nacional\/economia\/audio\/2021-08\/ipea-mantem-previsao-de-crescimento-em-48-em-2021\" target=\"_blank\" rel=\"noopener\">Ipea\u00a0<\/a>manteve a proje\u00e7\u00e3o j\u00e1 apresentada em junho e reiterada em agosto de crescimento de 4,8%. No entanto, foi revista a estimativa para 2022. Os pesquisadores preveem um crescimento de 1,8% no pr\u00f3ximo ano. \u00c9 um percentual menor do que os 2% estimados no m\u00eas passado.<\/p>\n<p>&#8220;Essa redu\u00e7\u00e3o se deve \u00e0 din\u00e2mica recente do cen\u00e1rio macroecon\u00f4mico, com destaque para a persist\u00eancia da infla\u00e7\u00e3o em patamar elevado \u2013 que impactou negativamente o poder de compra dos consumidores e provocou a necessidade de um aperto monet\u00e1rio maior que o esperado. Al\u00e9m disso, observou-se uma deteriora\u00e7\u00e3o das condi\u00e7\u00f5es financeiras das fam\u00edlias, com o aumento de seu endividamento. Em contrapartida, alguns fatores contribuem para que a revis\u00e3o da previs\u00e3o para 2022 tenha sido pouco significativa, com destaque para o cen\u00e1rio de crescimento robusto do setor agropecu\u00e1rio e o aumento da disponibilidade de caixa dos governos estaduais&#8221;, diz o documento.<\/p>\n<p><strong>Recupera\u00e7\u00e3o<\/strong><\/p>\n<p>Com base nos indicadores mensais de atividade econ\u00f4mica, os pesquisadores indicam a continuidade da recupera\u00e7\u00e3o da economia no in\u00edcio do terceiro trimestre de 2021. Segundo eles, o movimento de recupera\u00e7\u00e3o est\u00e1 atrelado ao avan\u00e7o da vacina\u00e7\u00e3o contra a covid-19 e \u00e0 melhora da din\u00e2mica epidemiol\u00f3gica.<\/p>\n<p>De acordo com a pesquisa, os resultados positivos das medidas de controle da pandemia t\u00eam contribu\u00eddo para que os n\u00edveis de mobilidade urbana se aproximem da normalidade. &#8220;Com isso, as atividades que dependem de maior intera\u00e7\u00e3o presencial, notadamente aquelas associadas ao setor de servi\u00e7os, seguem apresentando um ritmo de crescimento mais acelerado&#8221;, registra o documento.<\/p>\n<p>Em agosto deste ano, na compara\u00e7\u00e3o com o m\u00eas de julho, houve avan\u00e7o de 0,1% no setor de servi\u00e7os, alta de 0,6% na produ\u00e7\u00e3o industrial e queda de 1,1% no com\u00e9rcio varejista. Na compara\u00e7\u00e3o com o m\u00eas de agosto do ano passado, a previs\u00e3o \u00e9 de alta em todos os segmentos: setor de servi\u00e7os (15,7%), produ\u00e7\u00e3o industrial (1,2%) e com\u00e9rcio varejista (2%).<\/p>\n<p>Foi realizada tamb\u00e9m uma an\u00e1lise espec\u00edfica para o setor automotivo, cujo desempenho ruim em agosto impactou os resultados do com\u00e9rcio varejista do pa\u00eds. O encarecimento de insumos como o a\u00e7o e a borracha e o aumento das tarifas de energia foram apontados como os fatores que explicam a situa\u00e7\u00e3o. Mas apesar da queda de 16,5% na produ\u00e7\u00e3o de autom\u00f3veis de passeio, a produ\u00e7\u00e3o da caminh\u00f5es subiu 11,4% impulsionada pela boa safra agr\u00edcola e pelo aumento da atividade miner\u00e1ria.<\/p>\n<p><strong>Crise h\u00eddrica<\/strong><\/p>\n<p>Os pesquisadores manifestam preocupa\u00e7\u00e3o com a\u00a0<a href=\"https:\/\/agenciabrasil.ebc.com.br\/radioagencia-nacional\/economia\/audio\/2021-09\/brasil-enfrenta-pior-crise-hidrica-em-91-anos\" target=\"_blank\" rel=\"noopener\">crise h\u00eddrica<\/a>, a pior dos \u00faltimos 91 anos, segundo o Operador Nacional do Sistema (ONS). &#8220;A situa\u00e7\u00e3o \u00e9 ainda mais grave porque n\u00e3o h\u00e1 perspectiva de n\u00edvel de precipita\u00e7\u00e3o acima da m\u00e9dia para o \u00faltimo trimestre nos subsistemas mais afetados, principalmente no Sudeste\/Centro-Oeste. De acordo com o levantamento feito pelo Ipea, com base nas previs\u00f5es do Instituto Nacional de Meteorologia (Inmet), a precipita\u00e7\u00e3o prevista \u00e9 igual ou abaixo da m\u00e9dia do per\u00edodo de 1981 a 2010&#8221;, aponta o Ipea.<\/p>\n<p>O cen\u00e1rio fiscal brasileiro tamb\u00e9m foi avaliado e concluiu-se que h\u00e1 uma perspectiva de melhora nas contas p\u00fablicas em 2021. Um ponto destacado \u00e9 o aumento das disponibilidades de caixa nos governos estaduais, que pode se reverter em investimentos capazes de atenuar impactos negativos do aumento dos juros sobre a atividade econ\u00f4mica. Houve tamb\u00e9m uma melhora na proje\u00e7\u00e3o do d\u00e9ficit nacional esperado para este ano. &#8220;Para 2022, persistem incertezas, a principal das quais est\u00e1 associada \u00e0 magnitude do esfor\u00e7o de conten\u00e7\u00e3o de despesas requerido para a obedi\u00eancia do teto de gastos da Uni\u00e3o&#8221;, pondera o documento<\/p>\n<p><span style=\"font-weight: 400;\">Fonte: Ag\u00eancia Brasil<\/span>.<\/p>\n","protected":false},"excerpt":{"rendered":"<p>O Instituto de Pesquisa Econ\u00f4mica Aplicada (Ipea) divulgou nesta tarde (30) sua nova an\u00e1lise de conjuntura sobre a economia brasileira. O documento aponta que a infla\u00e7\u00e3o brasileira est\u00e1 pressionada pela desvaloriza\u00e7\u00e3o cambial, pela alta dos pre\u00e7os internacionais das\u00a0commodities\u00a0e pela crise h\u00eddrica. Estima-se que o \u00cdndice Nacional de Pre\u00e7os ao Consumidor Amplo (IPCA) fechar\u00e1 o ano [&hellip;]<\/p>\n","protected":false},"author":246,"featured_media":189032,"comment_status":"closed","ping_status":"closed","sticky":false,"template":"","format":"standard","meta":{"footnotes":""},"categories":[436,440,261],"tags":[],"class_list":["post-189031","post","type-post","status-publish","format-standard","has-post-thumbnail","hentry","category-destaque-da-semana","category-destaques-do-dia","category-economia"],"_links":{"self":[{"href":"https:\/\/diarioregionaldigital.com.br\/index.php?rest_route=\/wp\/v2\/posts\/189031","targetHints":{"allow":["GET"]}}],"collection":[{"href":"https:\/\/diarioregionaldigital.com.br\/index.php?rest_route=\/wp\/v2\/posts"}],"about":[{"href":"https:\/\/diarioregionaldigital.com.br\/index.php?rest_route=\/wp\/v2\/types\/post"}],"author":[{"embeddable":true,"href":"https:\/\/diarioregionaldigital.com.br\/index.php?rest_route=\/wp\/v2\/users\/246"}],"replies":[{"embeddable":true,"href":"https:\/\/diarioregionaldigital.com.br\/index.php?rest_route=%2Fwp%2Fv2%2Fcomments&post=189031"}],"version-history":[{"count":1,"href":"https:\/\/diarioregionaldigital.com.br\/index.php?rest_route=\/wp\/v2\/posts\/189031\/revisions"}],"predecessor-version":[{"id":189033,"href":"https:\/\/diarioregionaldigital.com.br\/index.php?rest_route=\/wp\/v2\/posts\/189031\/revisions\/189033"}],"wp:featuredmedia":[{"embeddable":true,"href":"https:\/\/diarioregionaldigital.com.br\/index.php?rest_route=\/wp\/v2\/media\/189032"}],"wp:attachment":[{"href":"https:\/\/diarioregionaldigital.com.br\/index.php?rest_route=%2Fwp%2Fv2%2Fmedia&parent=189031"}],"wp:term":[{"taxonomy":"category","embeddable":true,"href":"https:\/\/diarioregionaldigital.com.br\/index.php?rest_route=%2Fwp%2Fv2%2Fcategories&post=189031"},{"taxonomy":"post_tag","embeddable":true,"href":"https:\/\/diarioregionaldigital.com.br\/index.php?rest_route=%2Fwp%2Fv2%2Ftags&post=189031"}],"curies":[{"name":"wp","href":"https:\/\/api.w.org\/{rel}","templated":true}]}}