{"id":189014,"date":"2021-09-29T15:34:24","date_gmt":"2021-09-29T18:34:24","guid":{"rendered":"https:\/\/diarioregionaldigital.com.br\/?p=189014"},"modified":"2021-09-29T15:34:24","modified_gmt":"2021-09-29T18:34:24","slug":"controladoria-apresenta-prestacao-de-contas-em-audiencia-publica-na-camara","status":"publish","type":"post","link":"https:\/\/diarioregionaldigital.com.br\/?p=189014","title":{"rendered":"Controladoria apresenta presta\u00e7\u00e3o de contas em audi\u00eancia p\u00fablica na C\u00e2mara"},"content":{"rendered":"<p>A Prefeitura de Juiz de Fora (PJF), por meio da Controladoria Geral do Munic\u00edpio (CGM), apresentar\u00e1, nesta quinta-feira, 30, \u00e0s 10h, no plen\u00e1rio da C\u00e2mara Municipal, as execu\u00e7\u00f5es or\u00e7ament\u00e1ria e financeira do Munic\u00edpio, relativas ao segundo quadrimestre de 2021. Al\u00e9m disso, ser\u00e1 apresentada as metas de arrecada\u00e7\u00e3o estabelecidas na Lei de Diretrizes Or\u00e7ament\u00e1rias (LDO), conforme disposto no par\u00e1grafo 4\u00ba do artigo 9\u00ba da Lei de Responsabilidade Fiscal (LRF), o qual define que at\u00e9 o final dos meses de maio, setembro e fevereiro, o Poder Executivo demonstrar\u00e1 e avaliar\u00e1 o cumprimento das metas fiscais de cada quadrimestre, em audi\u00eancia p\u00fablica.<\/p>\n<p>Segundo informa\u00e7\u00f5es do site da Prefeitura de Juiz de Fora, para compara\u00e7\u00e3o das informa\u00e7\u00f5es ser\u00e1 mostrada, tamb\u00e9m, a execu\u00e7\u00e3o de igual per\u00edodo de 2020. A reuni\u00e3o segue o princ\u00edpio da legalidade e tem o objetivo de manter o cidad\u00e3o informado sobre a gest\u00e3o do dinheiro p\u00fablico pelo Poder Executivo.<\/p>\n<p>Devido aos protocolos restritivos destinados a preservar o distanciamento social durante a situa\u00e7\u00e3o de calamidade decorrente da emerg\u00eancia em sa\u00fade p\u00fablica causada pela Covid-19, a audi\u00eancia ser\u00e1 realizada de forma h\u00edbrida. Al\u00e9m disso, a transmiss\u00e3o ser\u00e1 feita, ao vivo, pela JFTV C\u00e2mara, no canal 35.1.<\/p>\n","protected":false},"excerpt":{"rendered":"<p>A Prefeitura de Juiz de Fora (PJF), por meio da Controladoria Geral do Munic\u00edpio (CGM), apresentar\u00e1, nesta quinta-feira, 30, \u00e0s 10h, no plen\u00e1rio da C\u00e2mara Municipal, as execu\u00e7\u00f5es or\u00e7ament\u00e1ria e financeira do Munic\u00edpio, relativas ao segundo quadrimestre de 2021. Al\u00e9m disso, ser\u00e1 apresentada as metas de arrecada\u00e7\u00e3o estabelecidas na Lei de Diretrizes Or\u00e7ament\u00e1rias (LDO), conforme [&hellip;]<\/p>\n","protected":false},"author":246,"featured_media":189015,"comment_status":"closed","ping_status":"closed","sticky":false,"template":"","format":"standard","meta":{"footnotes":""},"categories":[253,440],"tags":[],"class_list":["post-189014","post","type-post","status-publish","format-standard","has-post-thumbnail","hentry","category-cidade","category-destaques-do-dia"],"_links":{"self":[{"href":"https:\/\/diarioregionaldigital.com.br\/index.php?rest_route=\/wp\/v2\/posts\/189014","targetHints":{"allow":["GET"]}}],"collection":[{"href":"https:\/\/diarioregionaldigital.com.br\/index.php?rest_route=\/wp\/v2\/posts"}],"about":[{"href":"https:\/\/diarioregionaldigital.com.br\/index.php?rest_route=\/wp\/v2\/types\/post"}],"author":[{"embeddable":true,"href":"https:\/\/diarioregionaldigital.com.br\/index.php?rest_route=\/wp\/v2\/users\/246"}],"replies":[{"embeddable":true,"href":"https:\/\/diarioregionaldigital.com.br\/index.php?rest_route=%2Fwp%2Fv2%2Fcomments&post=189014"}],"version-history":[{"count":1,"href":"https:\/\/diarioregionaldigital.com.br\/index.php?rest_route=\/wp\/v2\/posts\/189014\/revisions"}],"predecessor-version":[{"id":189016,"href":"https:\/\/diarioregionaldigital.com.br\/index.php?rest_route=\/wp\/v2\/posts\/189014\/revisions\/189016"}],"wp:featuredmedia":[{"embeddable":true,"href":"https:\/\/diarioregionaldigital.com.br\/index.php?rest_route=\/wp\/v2\/media\/189015"}],"wp:attachment":[{"href":"https:\/\/diarioregionaldigital.com.br\/index.php?rest_route=%2Fwp%2Fv2%2Fmedia&parent=189014"}],"wp:term":[{"taxonomy":"category","embeddable":true,"href":"https:\/\/diarioregionaldigital.com.br\/index.php?rest_route=%2Fwp%2Fv2%2Fcategories&post=189014"},{"taxonomy":"post_tag","embeddable":true,"href":"https:\/\/diarioregionaldigital.com.br\/index.php?rest_route=%2Fwp%2Fv2%2Ftags&post=189014"}],"curies":[{"name":"wp","href":"https:\/\/api.w.org\/{rel}","templated":true}]}}