{"id":189011,"date":"2021-09-29T15:27:11","date_gmt":"2021-09-29T18:27:11","guid":{"rendered":"https:\/\/diarioregionaldigital.com.br\/?p=189011"},"modified":"2021-09-29T15:27:11","modified_gmt":"2021-09-29T18:27:11","slug":"gustavinho-pede-basquete-do-brasil-com-sentimento-e-para-quem-quer","status":"publish","type":"post","link":"https:\/\/diarioregionaldigital.com.br\/?p=189011","title":{"rendered":"Gustavinho pede basquete do Brasil com sentimento: &#8220;\u00e9 para quem quer&#8221;"},"content":{"rendered":"<p>Menos de 30 segundos depois de receber o microfone pela primeira vez como t\u00e9cnico da sele\u00e7\u00e3o masculina de basquete, Gustavo de Conti precisou pausar a fala para respirar e se recuperar emocionalmente. A honra de ser apresentado como comandante do Brasil na sede do Comit\u00ea Ol\u00edmpico do Brasil (COB), nesta ter\u00e7a-feira (28), possivelmente se assemelha ao que ele espera dos atletas que passar\u00e1 a treinar a partir de novembro. Por repetidas vezes, Gustavinho destacou que deseja que a experi\u00eancia de defender o pa\u00eds n\u00e3o seja vivida como uma simples tarefa, igual a qualquer outra.<\/p>\n<p>&#8220;Eu n\u00e3o quero que pare\u00e7a que eu estou apenas sendo contratado para ser o t\u00e9cnico da sele\u00e7\u00e3o brasileira. Algo formal. Quero que seja algo mais leve, com mais sentimento envolvido por todas as partes. Queremos ver todos engajados e unidos&#8221;, afirmou.<\/p>\n<p>O t\u00e9cnico voltou a citar a necessidade do tal &#8220;sentimento envolvido&#8221; ao tocar em um tema delicado desde que a ida de jogadores brasileiros para a NBA se tornou mais frequente. Com isso, ter todos os supostos melhores atletas do pa\u00eds reunidos ficou cada vez mais dif\u00edcil, j\u00e1 que o calend\u00e1rio da liga norte-americana e o interesse das equipes em preservar os jogadores para os quais pagam sal\u00e1rios milion\u00e1rios s\u00e3o obst\u00e1culos constantes. O \u00faltimo t\u00e9cnico da sele\u00e7\u00e3o, o croata Aleksandar Petrovic, inclusive, deixou uma pol\u00eamica impress\u00e3o quando lamentou, por meio de mensaem no Twitter, a perda da vaga ol\u00edmpica em T\u00f3quio depois dos pedidos de dispensa de alguns atletas. Ele citou nominalmente Didi e Raulzinho.<\/p>\n<p>&#8220;Dentro de uma equipe cada jogador tem seus objetivos individuais, que n\u00e3o podem nunca ser maiores do que os objetivos do time. A sele\u00e7\u00e3o \u00e9 para quem quer estar na sele\u00e7\u00e3o. Nenhum jogador no basquete mundial \u00e9 insubstitu\u00edvel. Nem LeBron James. Se um determinado atleta tem uma meta que naquele momento confronta com a sele\u00e7\u00e3o, \u00e9 melhor que ele n\u00e3o v\u00e1 ent\u00e3o. Outro vai fazer parecido&#8221;, opinou.<\/p>\n<p>Como suporte para suas vis\u00f5es, Gustavinho tem um curr\u00edculo invej\u00e1vel dentro do basquete brasileiro. S\u00e3o dois t\u00edtulos do NBB e um da Champions League Am\u00e9ricas pelo Flamengo, al\u00e9m de mais uma conquista nacional pelo Paulistano. Ele \u00e9 o peculiar caso de um t\u00e9cnico j\u00e1 veterano mesmo com apenas 41 anos, j\u00e1 que come\u00e7ou aos 17. A primeira oportunidade, na escolinha do Clube Atl\u00e9tico Ypiranga, em S\u00e3o Paulo, foi enaltecida por De Conti durante a coletiva.<\/p>\n<p>&#8220;Eu respeito a hist\u00f3ria do grande jogador que vira treinador, assim como a do campe\u00e3o ol\u00edmpico que se torna treinador tamb\u00e9m. Respeito todas essas hist\u00f3rias mas me orgulho muito da minha tamb\u00e9m. De ter come\u00e7ado com meninos de seis, sete anos de idade, em 1997. Passei por todas as categorias de base, nos clubes e na sele\u00e7\u00e3o. S\u00e3o quase 1300 jogos oficiais como treinador desde que eu comecei. Talvez essa tenha sido a maior capacita\u00e7\u00e3o que eu tive para chegar at\u00e9 aqui&#8221;, disse.<\/p>\n<p>O t\u00e9cnico, ali\u00e1s, chegou a um lugar que nenhum brasileiro alcan\u00e7ava desde 2008. O espanhol Moncho Monsalve e o argentino Ruben Magnano precederam Petrovic em um per\u00edodo em que os treinadores brasileiros at\u00e9 ocupavam posi\u00e7\u00f5es nas comiss\u00f5es t\u00e9cnicas, mas nunca no espa\u00e7o principal do banco de reservas.<\/p>\n<p>&#8220;N\u00e3o vou dizer que era unanimidade mas muita gente concordava com isso. Mas, olhando pelo lado bom, hoje a pesquisa, a prepara\u00e7\u00e3o, a qualidade em geral dos t\u00e9cnicos brasileiros melhorou muito. Serviu como um &#8216;cutuc\u00e3ozinho&#8217;, um est\u00edmulo como se dissessem: &#8216;Vai l\u00e1, vamos estudar mais, nos preparar mais, ver o que est\u00e1 acontecendo no mundo'&#8221;, exp\u00f4s Gustavinho.<\/p>\n<p>Em termos de metas, o treinador &#8211; que permanecer\u00e1 no comando do Flamengo -, pouco falou sobre a disputa pela vaga nos Jogos de Paris, em 2024. Ele se manteve concentrado no pr\u00f3ximo objetivo, que \u00e9 estrear bem nas Eliminat\u00f3rias para a Copa do Mundo de 2023, que come\u00e7am com os compromissos diante do Chile, em 26 e 27 de novembro. Gustavinho revelou n\u00e3o ter prefer\u00eancia entre atletas jovens ou veteranos e que pretende imprimir um estilo mesclado entre o pausado basquete europeu e o veloz e f\u00edsico basquete norte-americano. Quando falou em futuro distante, foi mais para oferecer uma perspectiva de processo, n\u00e3o de resultados.<\/p>\n<p>&#8220;Talvez eu n\u00e3o esteja mais aqui quando a sele\u00e7\u00e3o brasileira come\u00e7ar a ter resultados importantes, como disputar uma final mundial ou ol\u00edmpica. Mas precisamos plantar alguma coisa aqui&#8221;.<\/p>\n<p><span style=\"font-weight: 400;\"><br \/>\n<\/span><span style=\"font-weight: 400;\">Fonte: Ag\u00eancia Brasil <\/span><\/p>\n","protected":false},"excerpt":{"rendered":"<p>Menos de 30 segundos depois de receber o microfone pela primeira vez como t\u00e9cnico da sele\u00e7\u00e3o masculina de basquete, Gustavo de Conti precisou pausar a fala para respirar e se recuperar emocionalmente. A honra de ser apresentado como comandante do Brasil na sede do Comit\u00ea Ol\u00edmpico do Brasil (COB), nesta ter\u00e7a-feira (28), possivelmente se assemelha [&hellip;]<\/p>\n","protected":false},"author":246,"featured_media":189012,"comment_status":"closed","ping_status":"closed","sticky":false,"template":"","format":"standard","meta":{"footnotes":""},"categories":[436,257],"tags":[],"class_list":["post-189011","post","type-post","status-publish","format-standard","has-post-thumbnail","hentry","category-destaque-da-semana","category-esporte"],"_links":{"self":[{"href":"https:\/\/diarioregionaldigital.com.br\/index.php?rest_route=\/wp\/v2\/posts\/189011","targetHints":{"allow":["GET"]}}],"collection":[{"href":"https:\/\/diarioregionaldigital.com.br\/index.php?rest_route=\/wp\/v2\/posts"}],"about":[{"href":"https:\/\/diarioregionaldigital.com.br\/index.php?rest_route=\/wp\/v2\/types\/post"}],"author":[{"embeddable":true,"href":"https:\/\/diarioregionaldigital.com.br\/index.php?rest_route=\/wp\/v2\/users\/246"}],"replies":[{"embeddable":true,"href":"https:\/\/diarioregionaldigital.com.br\/index.php?rest_route=%2Fwp%2Fv2%2Fcomments&post=189011"}],"version-history":[{"count":1,"href":"https:\/\/diarioregionaldigital.com.br\/index.php?rest_route=\/wp\/v2\/posts\/189011\/revisions"}],"predecessor-version":[{"id":189013,"href":"https:\/\/diarioregionaldigital.com.br\/index.php?rest_route=\/wp\/v2\/posts\/189011\/revisions\/189013"}],"wp:featuredmedia":[{"embeddable":true,"href":"https:\/\/diarioregionaldigital.com.br\/index.php?rest_route=\/wp\/v2\/media\/189012"}],"wp:attachment":[{"href":"https:\/\/diarioregionaldigital.com.br\/index.php?rest_route=%2Fwp%2Fv2%2Fmedia&parent=189011"}],"wp:term":[{"taxonomy":"category","embeddable":true,"href":"https:\/\/diarioregionaldigital.com.br\/index.php?rest_route=%2Fwp%2Fv2%2Fcategories&post=189011"},{"taxonomy":"post_tag","embeddable":true,"href":"https:\/\/diarioregionaldigital.com.br\/index.php?rest_route=%2Fwp%2Fv2%2Ftags&post=189011"}],"curies":[{"name":"wp","href":"https:\/\/api.w.org\/{rel}","templated":true}]}}