{"id":189008,"date":"2021-09-29T15:21:53","date_gmt":"2021-09-29T18:21:53","guid":{"rendered":"https:\/\/diarioregionaldigital.com.br\/?p=189008"},"modified":"2021-09-29T15:21:53","modified_gmt":"2021-09-29T18:21:53","slug":"brasil-tem-dia-de-altos-e-baixos-no-mundial-de-tenis-para-cadeirantes","status":"publish","type":"post","link":"https:\/\/diarioregionaldigital.com.br\/?p=189008","title":{"rendered":"Brasil tem dia de altos e baixos no Mundial de t\u00eanis para cadeirantes"},"content":{"rendered":"<p>O segundo dia do Campeonato Mundial por equipes de t\u00eanis em cadeira de rodas foi de altos e baixos para o Brasil. Nesta ter\u00e7a-feira (28), a sele\u00e7\u00e3o de juniores estreou derrotando a Argentina no torneio da categoria por dois jogos a um (os confrontos s\u00e3o realizados em melhor de tr\u00eas). A equipe da classe quad (atletas com defici\u00eancias em tr\u00eas ou mais extremidades) perdeu dos Estados Unidos por tr\u00eas partidas a zero.<img decoding=\"async\" src=\"https:\/\/agenciabrasil.ebc.com.br\/ebc.png?id=1422879&amp;o=node\" \/><img decoding=\"async\" src=\"https:\/\/agenciabrasil.ebc.com.br\/ebc.gif?id=1422879&amp;o=node\" \/><\/p>\n<p>A competi\u00e7\u00e3o \u00e9 realizada em Alghero, prov\u00edncia da Sardenha (It\u00e1lia). Os duelos podem ser acompanhados ao vivo no canal do YouTube da Federa\u00e7\u00e3o Internacional de T\u00eanis (ITF, sigla em ingl\u00eas).<\/p>\n<p>No torneio de juniores (onde as sele\u00e7\u00f5es s\u00e3o mistas), o Brasil saiu na frente dos argentinos com a vit\u00f3ria de Jo\u00e3o Lucas Takaki, n\u00famero seis do ranking masculino da faixa et\u00e1ria, sobre Gonzalo Lazarte (30\u00ba) por duplo 6\/3. No duelo seguinte, Benjamin Silvetti (16\u00ba) levou a melhor sobre Jade Lanai, segunda do mundo entre as meninas, tamb\u00e9m por 2 sets a 0 (6\/1 e 6\/3). Nas duplas, a parceria entre Jo\u00e3o Lucas e Jade bateu Lazarte e Silvetti por 2 a 0 (6\/4 e 6\/2).<\/p>\n<p>Os brasileiros integram o Grupo 2 da competi\u00e7\u00e3o de juniores e ainda ter\u00e3o pela frente Jap\u00e3o e Turquia. O pr\u00f3ximo compromisso ainda ser\u00e1 agendado pela organiza\u00e7\u00e3o.<\/p>\n<p>No quad, ap\u00f3s surpreender o campe\u00e3o Jap\u00e3o, o Brasil n\u00e3o resistiu ao favoritismo dos EUA. No primeiro jogo, Leandro Pena (sem ranking) deu trabalho a Bryan Barten (nono do mundo), mas foi superado por 2 sets a 1 (2\/6, 7\/6 e 6\/2). Na sequ\u00eancia, Ymanitu Silva (oitavo) e David Wagner (quarto) reeditaram o duelo que marcou a estreia de ambos na Paralimp\u00edada de T\u00f3quio (Jap\u00e3o). O norte-americano voltou a se dar melhor, ganhando por 2 a 0 (6\/1 e 6\/3). Por fim, Ymanitu e Leandro perderam de Wagner e Nicholas Taylor (14\u00ba) por duplo 6\/1.<\/p>\n<p>Nesta quarta-feira (29), a partir das 4h30 (hor\u00e1rio de Bras\u00edlia), o time brasileiro enfrenta o Canad\u00e1, pela \u00faltima rodada do Grupo 2, tendo de vencer para assegurar um lugar na semifinal. Caso encerre a chave na terceira posi\u00e7\u00e3o, a sele\u00e7\u00e3o verde e amarela da classe quad garante, ao menos, classifica\u00e7\u00e3o antecipada ao Mundial do ano que vem.<\/p>\n<p>No mesmo dia e hor\u00e1rio, as equipes masculina e feminina da classe open (tenistas com defici\u00eancia nos membros inferiores) disputam a segunda rodada dos respectivos torneios no Mundial. A sele\u00e7\u00e3o dos homens, que figura no Grupo 4, encara a Fran\u00e7a, que venceu Sri Lanka na estreia (os brasileiros superaram a B\u00e9lgica). A das mulheres, que est\u00e1 no Grupo 2 e v\u00eam de vit\u00f3ria sobre a \u00c1frica do Sul, mede for\u00e7as com o favorito Jap\u00e3o.<\/p>\n<p><span style=\"font-weight: 400;\">Fonte: Ag\u00eancia Brasil <\/span><\/p>\n","protected":false},"excerpt":{"rendered":"<p>O segundo dia do Campeonato Mundial por equipes de t\u00eanis em cadeira de rodas foi de altos e baixos para o Brasil. Nesta ter\u00e7a-feira (28), a sele\u00e7\u00e3o de juniores estreou derrotando a Argentina no torneio da categoria por dois jogos a um (os confrontos s\u00e3o realizados em melhor de tr\u00eas). A equipe da classe quad [&hellip;]<\/p>\n","protected":false},"author":246,"featured_media":189009,"comment_status":"closed","ping_status":"closed","sticky":false,"template":"","format":"standard","meta":{"footnotes":""},"categories":[436,257],"tags":[],"class_list":["post-189008","post","type-post","status-publish","format-standard","has-post-thumbnail","hentry","category-destaque-da-semana","category-esporte"],"_links":{"self":[{"href":"https:\/\/diarioregionaldigital.com.br\/index.php?rest_route=\/wp\/v2\/posts\/189008","targetHints":{"allow":["GET"]}}],"collection":[{"href":"https:\/\/diarioregionaldigital.com.br\/index.php?rest_route=\/wp\/v2\/posts"}],"about":[{"href":"https:\/\/diarioregionaldigital.com.br\/index.php?rest_route=\/wp\/v2\/types\/post"}],"author":[{"embeddable":true,"href":"https:\/\/diarioregionaldigital.com.br\/index.php?rest_route=\/wp\/v2\/users\/246"}],"replies":[{"embeddable":true,"href":"https:\/\/diarioregionaldigital.com.br\/index.php?rest_route=%2Fwp%2Fv2%2Fcomments&post=189008"}],"version-history":[{"count":1,"href":"https:\/\/diarioregionaldigital.com.br\/index.php?rest_route=\/wp\/v2\/posts\/189008\/revisions"}],"predecessor-version":[{"id":189010,"href":"https:\/\/diarioregionaldigital.com.br\/index.php?rest_route=\/wp\/v2\/posts\/189008\/revisions\/189010"}],"wp:featuredmedia":[{"embeddable":true,"href":"https:\/\/diarioregionaldigital.com.br\/index.php?rest_route=\/wp\/v2\/media\/189009"}],"wp:attachment":[{"href":"https:\/\/diarioregionaldigital.com.br\/index.php?rest_route=%2Fwp%2Fv2%2Fmedia&parent=189008"}],"wp:term":[{"taxonomy":"category","embeddable":true,"href":"https:\/\/diarioregionaldigital.com.br\/index.php?rest_route=%2Fwp%2Fv2%2Fcategories&post=189008"},{"taxonomy":"post_tag","embeddable":true,"href":"https:\/\/diarioregionaldigital.com.br\/index.php?rest_route=%2Fwp%2Fv2%2Ftags&post=189008"}],"curies":[{"name":"wp","href":"https:\/\/api.w.org\/{rel}","templated":true}]}}