{"id":188936,"date":"2021-09-28T17:03:49","date_gmt":"2021-09-28T20:03:49","guid":{"rendered":"https:\/\/diarioregionaldigital.com.br\/?p=188936"},"modified":"2021-09-28T17:03:49","modified_gmt":"2021-09-28T20:03:49","slug":"comissao-analisa-pec-que-garante-recursos-para-a-assistencia-social","status":"publish","type":"post","link":"https:\/\/diarioregionaldigital.com.br\/?p=188936","title":{"rendered":"Comiss\u00e3o analisa PEC que garante recursos para a assist\u00eancia social"},"content":{"rendered":"<p>A C\u00e2mara dos Deputados instalou hoje (28) a comiss\u00e3o especial para analisar a\u00a0<a href=\"https:\/\/www.camara.leg.br\/proposicoesWeb\/prop_mostrarintegra?codteor=1620954&amp;filename=PEC+383\/2017\" target=\"_blank\" rel=\"noopener\">Proposta de Emenda \u00e0 Constitui\u00e7\u00e3o 387\/2017<\/a>\u00a0para garantir recursos m\u00ednimos para o financiamento do Sistema \u00danico de Assist\u00eancia Social (Suas). O colegiado, formado por 34 deputados titulares e igual n\u00famero de suplentes, discutir\u00e1 a proposta que determina que a Uni\u00e3o aplicar\u00e1, anualmente, nunca menos de 1% da receita corrente l\u00edquida ao ano para o financiamento do Suas.<img decoding=\"async\" src=\"https:\/\/agenciabrasil.ebc.com.br\/ebc.png?id=1422835&amp;o=node\" \/><img decoding=\"async\" src=\"https:\/\/agenciabrasil.ebc.com.br\/ebc.gif?id=1422835&amp;o=node\" \/><\/p>\n<p>O prazo inicial para a conclus\u00e3o dos trabalhos \u00e9 de at\u00e9 40 sess\u00f5es. A deputada Carmen Zanotto (Cidadania-SC) foi escolhida para presidir a comiss\u00e3o. Os deputados Eduardo Barbosa (PSDB-MG), Jorge Sola (PT-BA) e Francisco Jr (PSD-GO), foram eleitos como primeiro, segundo e terceiro vice-presidentes do colegiado, respectivamente.<\/p>\n<p>A relatoria ficar\u00e1 a cargo do deputado Andr\u00e9 Figueiredo (PDT-CE). Ao iniciar os trabalhos, Figueiredo disse que o relat\u00f3rio vai atender o objetivo de dar uma receita or\u00e7ament\u00e1ria para o SUAS.<\/p>\n<p>\u201cVamos dar uma receita ao Sistema \u00fanico de Assist\u00eancia Social que at\u00e9 hoje n\u00e3o foi designado, garantindo evidentemente o atendimento nas mais de 8 mil unidades de CREAS e CRAS para que possam dar uma assist\u00eancia minimamente adequada as mais de 30 milh\u00f5es de fam\u00edlias que precisam dessa assist\u00eancia\u201d, afirmou.<\/p>\n<p>A presidente da comiss\u00e3o disse que ter\u00e3o um trabalho intenso no colegiado. \u201cO retorno e o resultado desse trabalho precisa ser muito r\u00e1pido porque estamos sob a \u00e9gide da\u00a0<a href=\"http:\/\/http\/\/www.planalto.gov.br\/ccivil_03\/constituicao\/Emendas\/Emc\/emc95.htm\" target=\"_blank\" rel=\"noopener\">Emenda Constitucional 95<\/a>\u00a0[do teto de gastos], estamos no momento de discuss\u00e3o do Or\u00e7amento e sabemos como o Suas tem tido os seus recursos contingenciados e a cada ano os recursos, na pe\u00e7a or\u00e7ament\u00e1ria, reduzidos\u201d, disse Carmen Zanotto.<\/p>\n<p>Segundo a Constitui\u00e7\u00e3o, a assist\u00eancia social deve garantir a prote\u00e7\u00e3o social de diferentes segmentos sociais em situa\u00e7\u00e3o de vulnerabilidade, a exemplo da fam\u00edlia, al\u00e9m de promover a prote\u00e7\u00e3o \u00e0 maternidade, \u00e0 inf\u00e2ncia, \u00e0 adolesc\u00eancia e \u00e0 velhice.<\/p>\n<p>Cabe ao Suas ainda amparar crian\u00e7as e adolescentes carentes; trabalhar para a promo\u00e7\u00e3o da integra\u00e7\u00e3o ao mercado de trabalho e \u00e0 reabilita\u00e7\u00e3o e promo\u00e7\u00e3o de integra\u00e7\u00e3o \u00e0 comunidade para as pessoas com defici\u00eancia e o pagamento de benef\u00edcios aos idosos e as pessoas com defici\u00eancia.<\/p>\n<p>A presta\u00e7\u00e3o do servi\u00e7o de prote\u00e7\u00e3o social \u00e9 realizada por meio de equipamentos como o Centro de Refer\u00eancia de Assist\u00eancia Social (Cras), o Centro de Refer\u00eancia Especializados (Creas), o Centro de Refer\u00eancia para a Popula\u00e7\u00e3o em Situa\u00e7\u00e3o de Rua (Centro POP).<\/p>\n<p>De acordo com o autor da PEC, deputado Danilo Cabral (PSB-PE), h\u00e1 uma demanda reprimida, e o sistema precisa de financiamento para poder atender minimamente a popula\u00e7\u00e3o.<\/p>\n<p>\u201cA possibilidade de determinado governo, discricionariamente, poder cortar a integralidade dos recursos do sistema contrasta com o forte processo de institucionaliza\u00e7\u00e3o ocorrido nos \u00faltimos anos, em que foram realizados concursos p\u00fablicos, institu\u00eddos conselhos, criadas secretarias estaduais e municipais, dentre outras a\u00e7\u00f5es\u201d, disse.<\/p>\n<p>De acordo com Cabral, dados mais recentes revelam que a rede constitu\u00edda atende mais de 30 milh\u00f5es de fam\u00edlias referenciadas nos mais de 8 mil Cras e Creas do pa\u00eds. Cabral disse ainda que a garantia de recursos do Suas \u00e9 de vital import\u00e2ncia para o pa\u00eds em raz\u00e3o da crise sanit\u00e1ria, econ\u00f4mica e social que afeta a popula\u00e7\u00e3o brasileira.<\/p>\n<p><span style=\"font-weight: 400;\">Fonte: Ag\u00eancia Brasil <\/span><\/p>\n","protected":false},"excerpt":{"rendered":"<p>A C\u00e2mara dos Deputados instalou hoje (28) a comiss\u00e3o especial para analisar a\u00a0Proposta de Emenda \u00e0 Constitui\u00e7\u00e3o 387\/2017\u00a0para garantir recursos m\u00ednimos para o financiamento do Sistema \u00danico de Assist\u00eancia Social (Suas). O colegiado, formado por 34 deputados titulares e igual n\u00famero de suplentes, discutir\u00e1 a proposta que determina que a Uni\u00e3o aplicar\u00e1, anualmente, nunca menos [&hellip;]<\/p>\n","protected":false},"author":246,"featured_media":188937,"comment_status":"closed","ping_status":"closed","sticky":false,"template":"","format":"standard","meta":{"footnotes":""},"categories":[436,254],"tags":[],"class_list":["post-188936","post","type-post","status-publish","format-standard","has-post-thumbnail","hentry","category-destaque-da-semana","category-politica"],"_links":{"self":[{"href":"https:\/\/diarioregionaldigital.com.br\/index.php?rest_route=\/wp\/v2\/posts\/188936","targetHints":{"allow":["GET"]}}],"collection":[{"href":"https:\/\/diarioregionaldigital.com.br\/index.php?rest_route=\/wp\/v2\/posts"}],"about":[{"href":"https:\/\/diarioregionaldigital.com.br\/index.php?rest_route=\/wp\/v2\/types\/post"}],"author":[{"embeddable":true,"href":"https:\/\/diarioregionaldigital.com.br\/index.php?rest_route=\/wp\/v2\/users\/246"}],"replies":[{"embeddable":true,"href":"https:\/\/diarioregionaldigital.com.br\/index.php?rest_route=%2Fwp%2Fv2%2Fcomments&post=188936"}],"version-history":[{"count":1,"href":"https:\/\/diarioregionaldigital.com.br\/index.php?rest_route=\/wp\/v2\/posts\/188936\/revisions"}],"predecessor-version":[{"id":188938,"href":"https:\/\/diarioregionaldigital.com.br\/index.php?rest_route=\/wp\/v2\/posts\/188936\/revisions\/188938"}],"wp:featuredmedia":[{"embeddable":true,"href":"https:\/\/diarioregionaldigital.com.br\/index.php?rest_route=\/wp\/v2\/media\/188937"}],"wp:attachment":[{"href":"https:\/\/diarioregionaldigital.com.br\/index.php?rest_route=%2Fwp%2Fv2%2Fmedia&parent=188936"}],"wp:term":[{"taxonomy":"category","embeddable":true,"href":"https:\/\/diarioregionaldigital.com.br\/index.php?rest_route=%2Fwp%2Fv2%2Fcategories&post=188936"},{"taxonomy":"post_tag","embeddable":true,"href":"https:\/\/diarioregionaldigital.com.br\/index.php?rest_route=%2Fwp%2Fv2%2Ftags&post=188936"}],"curies":[{"name":"wp","href":"https:\/\/api.w.org\/{rel}","templated":true}]}}