{"id":188932,"date":"2021-09-28T17:01:22","date_gmt":"2021-09-28T20:01:22","guid":{"rendered":"https:\/\/diarioregionaldigital.com.br\/?p=188932"},"modified":"2021-09-28T17:01:22","modified_gmt":"2021-09-28T20:01:22","slug":"ima-promove-forca-tarefa-contra-raiva-animal-em-minas-gerais","status":"publish","type":"post","link":"https:\/\/diarioregionaldigital.com.br\/?p=188932","title":{"rendered":"IMA promove for\u00e7a-tarefa contra raiva animal em Minas Gerais"},"content":{"rendered":"<p>Neste\u00a0Dia Mundial de Conscientiza\u00e7\u00e3o da Raiva\u00a0(28\/9),\u00a0o\u00a0<a href=\"http:\/\/ima.mg.gov.br\/\" target=\"_blank\" rel=\"noopener noreferrer\">Instituto Mineiro de Agropecu\u00e1ria (IMA)<\/a>, vinculado \u00e0\u00a0<a href=\"http:\/\/www.agricultura.mg.gov.br\/\" target=\"_blank\" rel=\"noopener noreferrer\">Secretaria de Estado de Agricultura, Pecu\u00e1ria e Abastecimento (Seapa)<\/a>, alerta produtores rurais e sociedade sobre os riscos da doen\u00e7a classificada como zoonose, transmitida de animais para pessoas e respons\u00e1vel por surtos ligados \u00e0 antropiza\u00e7\u00e3o &#8211; a\u00e7\u00e3o do ser humano sobre\u00a0 o ecossistema. A transmiss\u00e3o da raiva para os herb\u00edvoros de produ\u00e7\u00e3o se d\u00e1 pelo morcego hemat\u00f3fago da esp\u00e9cie Desmodus rotundus.<\/p>\n<p>Com o objetivo de combater e prevenir a doen\u00e7a nos rebanhos, o IMA promoveu uma for\u00e7a-tarefa entre os meses de agosto e setembro nos munic\u00edpios e proximidades de Patroc\u00ednio e Coromandel, regi\u00f5es do Tri\u00e2ngulo Mineiro e do Alto Parana\u00edba. Foram capturados 429 morcegos em 45 abrigos. Os animais s\u00e3o devidamente tratados com pasta vampiricida (anticoagulante) e, ap\u00f3s o procedimento, s\u00e3o soltos no seu habitat natural. Durante a opera\u00e7\u00e3o, a equipe tamb\u00e9m vistoriou 25 propriedades rurais, al\u00e9m de casas abandonadas, bueiros e ferrovias desativadas.<\/p>\n<p>A atividade foi coordenada pelo servidor da Ger\u00eancia de Defesa Sanit\u00e1ria Animal do IMA, Jomar Zatti, em parceria com a coordenadora regional em Patroc\u00ednio, Rosana Abadia e com a chefe do escrit\u00f3rio em Coromandel, Alice Moreira. A a\u00e7\u00e3o tamb\u00e9m teve apoio das regionais de Belo Horizonte, Bom Despacho, Curvelo e Juiz de Fora.<\/p>\n<p>De acordo com Jomar Zatti, os atendimentos a focos e suspeitas s\u00e3o considerados essenciais. \u201cA miss\u00e3o \u00e9 controlar a raiva no estado, preservando a sa\u00fade dos trabalhadores e dos animais do campo, amenizando eventuais preju\u00edzos ao agroneg\u00f3cio. A melhor forma de prevenir os animais de produ\u00e7\u00e3o contra a doen\u00e7a \u00e9 a vacina\u00e7\u00e3o anual de todo o rebanho\u201d, explica.<\/p>\n<p>Os fiscais v\u00e3o \u00e0s propriedades para investigar e coletar material para diagn\u00f3stico, promovendo tanto o controle populacional do transmissor da doen\u00e7a, quanto a\u00e7\u00f5es de educa\u00e7\u00e3o sanit\u00e1ria que conscientizam a popula\u00e7\u00e3o rural.<\/p>\n<p><strong>Notifica\u00e7\u00f5es<\/strong><\/p>\n<p>Al\u00e9m de serem registradas pelo IMA, as notifica\u00e7\u00f5es de suspeitas e focos da raiva podem ser feitas pelo Sistema Brasileiro de Vigil\u00e2ncia e Emerg\u00eancias Veterin\u00e1rias (E-Sisbravet), uma ferramenta digital integrada desenvolvida pelo Minist\u00e9rio da Agricultura, Pecu\u00e1ria e Abastecimento (Mapa) para acompanhamento do Servi\u00e7o Veterin\u00e1rio Oficial (SVO) de cada estado e institui\u00e7\u00f5es envolvidas.<\/p>\n<p>Produtores ou profissionais da \u00e1rea de sa\u00fade animal podem acessar a plataforma e informar suspeita de doen\u00e7as ou alta mortalidade de animais. O sistema \u00e9 integrado com a Plataforma de Gest\u00e3o Agropecu\u00e1ria (PGA) para acesso aos dados de cadastro e popula\u00e7\u00e3o animal. H\u00e1, ainda, previs\u00e3o de integra\u00e7\u00e3o com laborat\u00f3rios para acesso aos laudos de diagn\u00f3stico das doen\u00e7as.<\/p>\n<p>Raiva e sa\u00fade \u00fanica<\/p>\n<p>A raiva \u00e9 uma das doen\u00e7as mais antigas da humanidade e a que mais se relaciona com o conceito contempor\u00e2neo de \u201csa\u00fade \u00fanica\u201d, cujo tema amplo e diversificado \u00e9 base de estudos e debates sobre a intera\u00e7\u00e3o da sa\u00fade entre pessoas, animais e meio ambiente.<\/p>\n<p>O conceito \u00e9 uma abordagem que reconhece a sa\u00fade humana como intrinsecamente ligada \u00e0 sa\u00fade dos animais e ao meio ambiente compartilhado, tendo como objetivo alcan\u00e7ar resultados ideais por meio da colabora\u00e7\u00e3o e da intera\u00e7\u00e3o entre as \u00e1reas.<\/p>\n<p>A mudan\u00e7a clim\u00e1tica e o uso da terra em atividades como desmatamento e pr\u00e1ticas agr\u00edcolas intensivas causam perturba\u00e7\u00f5es nas condi\u00e7\u00f5es ambientais e nos habitats, levando \u00e0 dissemina\u00e7\u00e3o de graves zoonoses.<\/p>\n<p>\u201cOs animais tamb\u00e9m compartilham da nossa suscetibilidade a algumas doen\u00e7as e riscos ambientais. Por isso, podem servir como primeiros sinais de alerta. Rastrear enfermidades em bichos ajuda a mant\u00ea-los saud\u00e1veis e a prevenir surtos de doen\u00e7as em pessoas\u201d, refor\u00e7a Zatti.<\/p>\n<p><strong>Data<\/strong><\/p>\n<p>O dia 28 de setembro tamb\u00e9m marca a morte de Louis Pasteur, qu\u00edmico e microbiologista franc\u00eas que desenvolveu a primeira vacina contra a raiva.<\/p>\n<p>Pensando na import\u00e2ncia da raiva como uma grave zoonose, a Alian\u00e7a Global para o Controle da Raiva (Garc) e Alian\u00e7a Tripartite, que re\u00fane a Organiza\u00e7\u00e3o Mundial da Sa\u00fade Animal (OIE), a Organiza\u00e7\u00e3o Mundial da Sa\u00fade (OMS) e a Organiza\u00e7\u00e3o das Na\u00e7\u00f5es Unidas para Alimenta\u00e7\u00e3o e Agricultura (FAO), estabeleceram um Plano Estrat\u00e9gico Global, com o principal objetivo de zerar as mortes humanas por raiva at\u00e9 2030.<\/p>\n<p><span style=\"font-weight: 400;\">Fonte: Ag\u00eancia Minas <\/span><\/p>\n","protected":false},"excerpt":{"rendered":"<p>Neste\u00a0Dia Mundial de Conscientiza\u00e7\u00e3o da Raiva\u00a0(28\/9),\u00a0o\u00a0Instituto Mineiro de Agropecu\u00e1ria (IMA), vinculado \u00e0\u00a0Secretaria de Estado de Agricultura, Pecu\u00e1ria e Abastecimento (Seapa), alerta produtores rurais e sociedade sobre os riscos da doen\u00e7a classificada como zoonose, transmitida de animais para pessoas e respons\u00e1vel por surtos ligados \u00e0 antropiza\u00e7\u00e3o &#8211; a\u00e7\u00e3o do ser humano sobre\u00a0 o ecossistema. A transmiss\u00e3o [&hellip;]<\/p>\n","protected":false},"author":246,"featured_media":188934,"comment_status":"closed","ping_status":"closed","sticky":false,"template":"","format":"standard","meta":{"footnotes":""},"categories":[436,254],"tags":[],"class_list":["post-188932","post","type-post","status-publish","format-standard","has-post-thumbnail","hentry","category-destaque-da-semana","category-politica"],"_links":{"self":[{"href":"https:\/\/diarioregionaldigital.com.br\/index.php?rest_route=\/wp\/v2\/posts\/188932","targetHints":{"allow":["GET"]}}],"collection":[{"href":"https:\/\/diarioregionaldigital.com.br\/index.php?rest_route=\/wp\/v2\/posts"}],"about":[{"href":"https:\/\/diarioregionaldigital.com.br\/index.php?rest_route=\/wp\/v2\/types\/post"}],"author":[{"embeddable":true,"href":"https:\/\/diarioregionaldigital.com.br\/index.php?rest_route=\/wp\/v2\/users\/246"}],"replies":[{"embeddable":true,"href":"https:\/\/diarioregionaldigital.com.br\/index.php?rest_route=%2Fwp%2Fv2%2Fcomments&post=188932"}],"version-history":[{"count":1,"href":"https:\/\/diarioregionaldigital.com.br\/index.php?rest_route=\/wp\/v2\/posts\/188932\/revisions"}],"predecessor-version":[{"id":188935,"href":"https:\/\/diarioregionaldigital.com.br\/index.php?rest_route=\/wp\/v2\/posts\/188932\/revisions\/188935"}],"wp:featuredmedia":[{"embeddable":true,"href":"https:\/\/diarioregionaldigital.com.br\/index.php?rest_route=\/wp\/v2\/media\/188934"}],"wp:attachment":[{"href":"https:\/\/diarioregionaldigital.com.br\/index.php?rest_route=%2Fwp%2Fv2%2Fmedia&parent=188932"}],"wp:term":[{"taxonomy":"category","embeddable":true,"href":"https:\/\/diarioregionaldigital.com.br\/index.php?rest_route=%2Fwp%2Fv2%2Fcategories&post=188932"},{"taxonomy":"post_tag","embeddable":true,"href":"https:\/\/diarioregionaldigital.com.br\/index.php?rest_route=%2Fwp%2Fv2%2Ftags&post=188932"}],"curies":[{"name":"wp","href":"https:\/\/api.w.org\/{rel}","templated":true}]}}