{"id":188923,"date":"2021-09-28T16:45:53","date_gmt":"2021-09-28T19:45:53","guid":{"rendered":"https:\/\/diarioregionaldigital.com.br\/?p=188923"},"modified":"2021-09-28T16:45:53","modified_gmt":"2021-09-28T19:45:53","slug":"petrobras-aumenta-preco-do-diesel-a-partir-desta-quarta-feira","status":"publish","type":"post","link":"https:\/\/diarioregionaldigital.com.br\/?p=188923","title":{"rendered":"Petrobras aumenta pre\u00e7o do diesel a partir desta quarta-feira"},"content":{"rendered":"<p>A Petrobras anunciou que vai aumentar o pre\u00e7o do diesel A para as distribuidoras. A partir de amanh\u00e3 (29), o pre\u00e7o m\u00e9dio de venda nas refinarias passa de R$ 2,81 para R$ 3,06 por litro, um reajuste m\u00e9dio de R$ 0,25 por litro.<img decoding=\"async\" src=\"https:\/\/agenciabrasil.ebc.com.br\/ebc.png?id=1422820&amp;o=node\" \/><img decoding=\"async\" src=\"https:\/\/agenciabrasil.ebc.com.br\/ebc.gif?id=1422820&amp;o=node\" \/><\/p>\n<p>Nos postos de abastecimento, para o consumidor final, o pre\u00e7o deve subir R$ 0,22, considerando a mistura obrigat\u00f3ria de 12% de biodiesel e 88% de diesel. Segundo a empresa, o reajuste reflete \u201cparte da eleva\u00e7\u00e3o nos patamares internacionais de pre\u00e7os de petr\u00f3leo e da taxa de c\u00e2mbio\u201d.<\/p>\n<p>\u201cAp\u00f3s 85 dias com pre\u00e7os est\u00e1veis, nos quais a empresa evitou o repasse imediato para os pre\u00e7os internos devido \u00e0 volatilidade externa causada por eventos conjunturais, a Petrobras realizar\u00e1 ajuste no pre\u00e7o do diesel A para as distribuidoras\u201d, informa nota da estatal.<\/p>\n<p><span style=\"font-weight: 400;\">Fonte: Ag\u00eancia Brasil <\/span><\/p>\n","protected":false},"excerpt":{"rendered":"<p>A Petrobras anunciou que vai aumentar o pre\u00e7o do diesel A para as distribuidoras. A partir de amanh\u00e3 (29), o pre\u00e7o m\u00e9dio de venda nas refinarias passa de R$ 2,81 para R$ 3,06 por litro, um reajuste m\u00e9dio de R$ 0,25 por litro. Nos postos de abastecimento, para o consumidor final, o pre\u00e7o deve subir [&hellip;]<\/p>\n","protected":false},"author":246,"featured_media":188924,"comment_status":"closed","ping_status":"closed","sticky":false,"template":"","format":"standard","meta":{"footnotes":""},"categories":[436,261],"tags":[],"class_list":["post-188923","post","type-post","status-publish","format-standard","has-post-thumbnail","hentry","category-destaque-da-semana","category-economia"],"_links":{"self":[{"href":"https:\/\/diarioregionaldigital.com.br\/index.php?rest_route=\/wp\/v2\/posts\/188923","targetHints":{"allow":["GET"]}}],"collection":[{"href":"https:\/\/diarioregionaldigital.com.br\/index.php?rest_route=\/wp\/v2\/posts"}],"about":[{"href":"https:\/\/diarioregionaldigital.com.br\/index.php?rest_route=\/wp\/v2\/types\/post"}],"author":[{"embeddable":true,"href":"https:\/\/diarioregionaldigital.com.br\/index.php?rest_route=\/wp\/v2\/users\/246"}],"replies":[{"embeddable":true,"href":"https:\/\/diarioregionaldigital.com.br\/index.php?rest_route=%2Fwp%2Fv2%2Fcomments&post=188923"}],"version-history":[{"count":1,"href":"https:\/\/diarioregionaldigital.com.br\/index.php?rest_route=\/wp\/v2\/posts\/188923\/revisions"}],"predecessor-version":[{"id":188925,"href":"https:\/\/diarioregionaldigital.com.br\/index.php?rest_route=\/wp\/v2\/posts\/188923\/revisions\/188925"}],"wp:featuredmedia":[{"embeddable":true,"href":"https:\/\/diarioregionaldigital.com.br\/index.php?rest_route=\/wp\/v2\/media\/188924"}],"wp:attachment":[{"href":"https:\/\/diarioregionaldigital.com.br\/index.php?rest_route=%2Fwp%2Fv2%2Fmedia&parent=188923"}],"wp:term":[{"taxonomy":"category","embeddable":true,"href":"https:\/\/diarioregionaldigital.com.br\/index.php?rest_route=%2Fwp%2Fv2%2Fcategories&post=188923"},{"taxonomy":"post_tag","embeddable":true,"href":"https:\/\/diarioregionaldigital.com.br\/index.php?rest_route=%2Fwp%2Fv2%2Ftags&post=188923"}],"curies":[{"name":"wp","href":"https:\/\/api.w.org\/{rel}","templated":true}]}}