{"id":188917,"date":"2021-09-28T16:38:54","date_gmt":"2021-09-28T19:38:54","guid":{"rendered":"https:\/\/diarioregionaldigital.com.br\/?p=188917"},"modified":"2021-09-28T16:38:54","modified_gmt":"2021-09-28T19:38:54","slug":"governo-central-tem-deficit-primario-de-r-99-bilhoes-em-agosto","status":"publish","type":"post","link":"https:\/\/diarioregionaldigital.com.br\/?p=188917","title":{"rendered":"Governo Central tem d\u00e9ficit prim\u00e1rio de R$ 9,9 bilh\u00f5es em agosto"},"content":{"rendered":"<p>O aumento da arrecada\u00e7\u00e3o e a diminui\u00e7\u00e3o de gastos relacionados \u00e0 pandemia de covid-19 fizeram o d\u00e9ficit do Governo Central (Tesouro Nacional, Previd\u00eancia Social e Banco Central) cair em agosto na compara\u00e7\u00e3o com 2020. No m\u00eas passado, o resultado ficou negativo em R$ 9,88 bilh\u00f5es.<img decoding=\"async\" src=\"https:\/\/agenciabrasil.ebc.com.br\/ebc.png?id=1422841&amp;o=node\" \/><img decoding=\"async\" src=\"https:\/\/agenciabrasil.ebc.com.br\/ebc.gif?id=1422841&amp;o=node\" \/><\/p>\n<p>Esse d\u00e9ficit \u00e9 o mais baixo para meses de agosto desde 2015, quando o resultado ficou negativo em R$ 5,706 bilh\u00f5es. A quantia representa queda de 90,6% em rela\u00e7\u00e3o ao saldo devedor do mesmo m\u00eas do ano passado, quando os desembolsos para o combate \u00e0 pandemia estavam no auge. Em agosto de 2020, o d\u00e9ficit tinha ficado em R$ 96,07 bilh\u00f5es, resultado negativo recorde para o m\u00eas.<\/p>\n<p>O resultado veio melhor que o previsto. Segundo a pesquisa Prisma Fiscal, divulgada todos os meses pelo Minist\u00e9rio da Economia, as institui\u00e7\u00f5es financeiras projetavam saldo negativo prim\u00e1rio de R$ 24,9 bilh\u00f5es para agosto.<\/p>\n<p>O d\u00e9ficit prim\u00e1rio representa o resultado negativo nas contas do governo sem considerar os juros da d\u00edvida p\u00fablica. Com o desempenho de agosto, o Governo Central acumula saldo devedor prim\u00e1rio de R$ 83,312 bilh\u00f5es nos oito primeiros meses de 2021. Esse foi o terceiro maior saldo negativo para o per\u00edodo, s\u00f3 perdendo para o ano passado e para agosto de 2017, quando o super\u00e1vit acumulado de janeiro a agosto havia atingido R$ 601,302 bilh\u00f5es e R$ 86,774 bilh\u00f5es, respectivamente.<\/p>\n<p><strong>Meta<\/strong><\/p>\n<p>Para este ano, a Lei de Diretrizes Or\u00e7ament\u00e1rias (LDO) estabelece meta de d\u00e9ficit de R$ 247,1 bilh\u00f5es para o Governo Central, mas projeto de lei aprovado no fim de abril permite o abatimento da meta de at\u00e9 R$ 40 bilh\u00f5es de gastos.<\/p>\n<p>Os gastos que podem ser deduzidos da meta est\u00e3o relacionados com o enfrentamento \u00e0 pandemia de covid-19. Dos R$ 40 bilh\u00f5es autorizados pelo Congresso, R$ 20 bilh\u00f5es destinam-se \u00e0 sa\u00fade, R$ 10 bilh\u00f5es ao programa de redu\u00e7\u00e3o de jornada e suspens\u00e3o de contrato e R$ 10 bilh\u00f5es ao Pronampe, programa que fornece cr\u00e9dito emergencial a micro e pequenas empresas.<\/p>\n<p><strong>Receitas e despesas<\/strong><\/p>\n<p>Um dos principais fatores que contribu\u00edram para a redu\u00e7\u00e3o do d\u00e9ficit prim\u00e1rio em agosto foi a alta na arrecada\u00e7\u00e3o do governo. A receita l\u00edquida do Governo Central subiu 28,4% em agosto acima da infla\u00e7\u00e3o oficial pelo \u00cdndice Nacional de Pre\u00e7os ao Consumidor Amplo (IPCA), na compara\u00e7\u00e3o com o mesmo m\u00eas do ano passado. No m\u00eas, elas somaram R$ 989,013 bilh\u00f5es.<\/p>\n<p>Boa parte dessa alta deve-se \u00e0 queda de arrecada\u00e7\u00e3o provocada pela restri\u00e7\u00e3o das atividades sociais no in\u00edcio da pandemia e pelo adiamento de diversos pagamentos, como contribui\u00e7\u00f5es \u00e0 Previd\u00eancia Social e recolhimentos ao Fundo de Garantia do Tempo de Servi\u00e7o (FGTS), que vigorou no ano passado como medida de ajuda \u00e0s empresas.<\/p>\n<p>No entanto, a arrecada\u00e7\u00e3o recorde de agosto, influenciada pela recupera\u00e7\u00e3o da economia, melhorou as receitas administradas (tributos) em R$ 15,1 bilh\u00f5es. Tamb\u00e9m contribu\u00edram para o caixa do governo o pagamento de R$ 7,2 bilh\u00f5es em dividendos de estatais ao Tesouro Nacional em agosto e de R$ 5,2 bilh\u00f5es em\u00a0<em>royalties<\/em>\u00a0de petr\u00f3leo, g\u00e1s e demais min\u00e9rios.<\/p>\n<p>As despesas totais ca\u00edram 41,2% na mesma compara\u00e7\u00e3o, tamb\u00e9m descontando a infla\u00e7\u00e3o pelo IPCA. Em agosto, elas somaram R$ 127,735 bilh\u00f5es. No acumulado de 2021, as despesas totais somaram R$ 1,072 trilh\u00e3o, com recuo de 24,4% pelos mesmos crit\u00e9rios em rela\u00e7\u00e3o aos oito primeiros meses de 2020.<\/p>\n<p>Em rela\u00e7\u00e3o ao teto de gastos, o governo gastou, neste ano, 65,3% do limite de R$ 1,486 trilh\u00e3o, numa conta que exclui cerca de R$ 30 bilh\u00f5es em despesas fora do teto.<\/p>\n<p>A queda das despesas totais est\u00e1 relacionada principalmente \u00e0 redu\u00e7\u00e3o dos gastos com o enfrentamento \u00e0 pandemia. Em agosto, o volume de cr\u00e9ditos extraordin\u00e1rios caiu R$ 56,2 bilh\u00f5es em rela\u00e7\u00e3o ao mesmo m\u00eas de 2020. Tamb\u00e9m n\u00e3o se repetiram os pagamentos de R$ 16,7 bilh\u00f5es da ajuda da Uni\u00e3o a estados e munic\u00edpios e de R$ 14,4 bilh\u00f5es do Programa Emergencial de Suporte a Empregos (Pese), que fornecia cr\u00e9dito para empresas afetadas pela pandemia n\u00e3o demitirem trabalhadores.<\/p>\n<p>Em rela\u00e7\u00e3o aos investimentos (obras p\u00fablicas e compra de equipamentos), o governo federal investiu R$ 3,58 bilh\u00f5es em agosto, queda de 63,7% em rela\u00e7\u00e3o ao mesmo m\u00eas de 2020, descontada a infla\u00e7\u00e3o pelo IPCA. Em 2021, os investimentos somam R$ 28,075 bilh\u00f5es, queda de 50,6% na compara\u00e7\u00e3o com o per\u00edodo de janeiro a agosto do ano passado, tamb\u00e9m descontado o IPCA. O atraso na aprova\u00e7\u00e3o do Or\u00e7amento de 2021, sancionado apenas no fim de abril, explica parcialmente o recuo nos investimentos no acumulado do ano.<\/p>\n<p><span style=\"font-weight: 400;\">Fonte: Ag\u00eancia Brasil <\/span><\/p>\n","protected":false},"excerpt":{"rendered":"<p>O aumento da arrecada\u00e7\u00e3o e a diminui\u00e7\u00e3o de gastos relacionados \u00e0 pandemia de covid-19 fizeram o d\u00e9ficit do Governo Central (Tesouro Nacional, Previd\u00eancia Social e Banco Central) cair em agosto na compara\u00e7\u00e3o com 2020. No m\u00eas passado, o resultado ficou negativo em R$ 9,88 bilh\u00f5es. Esse d\u00e9ficit \u00e9 o mais baixo para meses de agosto [&hellip;]<\/p>\n","protected":false},"author":246,"featured_media":188918,"comment_status":"closed","ping_status":"closed","sticky":false,"template":"","format":"standard","meta":{"footnotes":""},"categories":[436,261],"tags":[],"class_list":["post-188917","post","type-post","status-publish","format-standard","has-post-thumbnail","hentry","category-destaque-da-semana","category-economia"],"_links":{"self":[{"href":"https:\/\/diarioregionaldigital.com.br\/index.php?rest_route=\/wp\/v2\/posts\/188917","targetHints":{"allow":["GET"]}}],"collection":[{"href":"https:\/\/diarioregionaldigital.com.br\/index.php?rest_route=\/wp\/v2\/posts"}],"about":[{"href":"https:\/\/diarioregionaldigital.com.br\/index.php?rest_route=\/wp\/v2\/types\/post"}],"author":[{"embeddable":true,"href":"https:\/\/diarioregionaldigital.com.br\/index.php?rest_route=\/wp\/v2\/users\/246"}],"replies":[{"embeddable":true,"href":"https:\/\/diarioregionaldigital.com.br\/index.php?rest_route=%2Fwp%2Fv2%2Fcomments&post=188917"}],"version-history":[{"count":1,"href":"https:\/\/diarioregionaldigital.com.br\/index.php?rest_route=\/wp\/v2\/posts\/188917\/revisions"}],"predecessor-version":[{"id":188919,"href":"https:\/\/diarioregionaldigital.com.br\/index.php?rest_route=\/wp\/v2\/posts\/188917\/revisions\/188919"}],"wp:featuredmedia":[{"embeddable":true,"href":"https:\/\/diarioregionaldigital.com.br\/index.php?rest_route=\/wp\/v2\/media\/188918"}],"wp:attachment":[{"href":"https:\/\/diarioregionaldigital.com.br\/index.php?rest_route=%2Fwp%2Fv2%2Fmedia&parent=188917"}],"wp:term":[{"taxonomy":"category","embeddable":true,"href":"https:\/\/diarioregionaldigital.com.br\/index.php?rest_route=%2Fwp%2Fv2%2Fcategories&post=188917"},{"taxonomy":"post_tag","embeddable":true,"href":"https:\/\/diarioregionaldigital.com.br\/index.php?rest_route=%2Fwp%2Fv2%2Ftags&post=188917"}],"curies":[{"name":"wp","href":"https:\/\/api.w.org\/{rel}","templated":true}]}}