{"id":188913,"date":"2021-09-28T16:34:55","date_gmt":"2021-09-28T19:34:55","guid":{"rendered":"https:\/\/diarioregionaldigital.com.br\/?p=188913"},"modified":"2021-09-28T16:34:55","modified_gmt":"2021-09-28T19:34:55","slug":"inadimplencia-das-micro-e-pequenas-empresas-cai-09-em-agosto","status":"publish","type":"post","link":"https:\/\/diarioregionaldigital.com.br\/?p=188913","title":{"rendered":"Inadimpl\u00eancia das micro e pequenas empresas cai 0,9% em agosto"},"content":{"rendered":"<p>Em agosto, a inadimpl\u00eancia das micro e pequenas empresas teve uma retra\u00e7\u00e3o de 0,9%, na compara\u00e7\u00e3o com o m\u00eas anterior. No per\u00edodo, ocorreram 5,33 milh\u00f5es de neg\u00f3cios desse porte com o nome no vermelho. A informa\u00e7\u00e3o \u00e9 da Serasa Experian.\u00a0<img decoding=\"async\" src=\"https:\/\/agenciabrasil.ebc.com.br\/ebc.png?id=1422842&amp;o=node\" \/><img decoding=\"async\" src=\"https:\/\/agenciabrasil.ebc.com.br\/ebc.gif?id=1422842&amp;o=node\" \/><\/p>\n<p>Para o economista da Serasa Experian Luiz Rabi a disponibiliza\u00e7\u00e3o de linhas de cr\u00e9dito para micro e pequenas empresas negociarem suas d\u00edvidas, a partir de julho deste ano, impactou favoravelmente no \u00edndice.<\/p>\n<p>\u201cOs donos de neg\u00f3cios est\u00e3o em busca de aux\u00edlio para lidar com suas pend\u00eancias financeiras. Por isso, o recuo observado n\u00e3o reflete uma melhora para as empresas, mas sim um al\u00edvio tempor\u00e1rio, j\u00e1 que os empreendedores ainda devem encontrar muitos desafios diante ao quadro econ\u00f4mico do pa\u00eds&#8221;, disse Rabi.<\/p>\n<p><strong>Setores<\/strong><\/p>\n<p>Considerando-se os neg\u00f3cios de micro, pequeno, m\u00e9dio e grande porte, foram registrados 5,83 milh\u00f5es de empresas insolventes em agosto, ante 5,87 milh\u00f5es em julho. A maior parcela de empresas negativadas \u00e9 do setor de servi\u00e7o (51,2%), seguido pelo com\u00e9rcio (38,7%) e ind\u00fastria (8,0%).<\/p>\n<p><span style=\"font-weight: 400;\">Fonte: Ag\u00eancia Brasil <\/span><\/p>\n","protected":false},"excerpt":{"rendered":"<p>Em agosto, a inadimpl\u00eancia das micro e pequenas empresas teve uma retra\u00e7\u00e3o de 0,9%, na compara\u00e7\u00e3o com o m\u00eas anterior. No per\u00edodo, ocorreram 5,33 milh\u00f5es de neg\u00f3cios desse porte com o nome no vermelho. A informa\u00e7\u00e3o \u00e9 da Serasa Experian.\u00a0 Para o economista da Serasa Experian Luiz Rabi a disponibiliza\u00e7\u00e3o de linhas de cr\u00e9dito para [&hellip;]<\/p>\n","protected":false},"author":246,"featured_media":188914,"comment_status":"closed","ping_status":"closed","sticky":false,"template":"","format":"standard","meta":{"footnotes":""},"categories":[440,261],"tags":[],"class_list":["post-188913","post","type-post","status-publish","format-standard","has-post-thumbnail","hentry","category-destaques-do-dia","category-economia"],"_links":{"self":[{"href":"https:\/\/diarioregionaldigital.com.br\/index.php?rest_route=\/wp\/v2\/posts\/188913","targetHints":{"allow":["GET"]}}],"collection":[{"href":"https:\/\/diarioregionaldigital.com.br\/index.php?rest_route=\/wp\/v2\/posts"}],"about":[{"href":"https:\/\/diarioregionaldigital.com.br\/index.php?rest_route=\/wp\/v2\/types\/post"}],"author":[{"embeddable":true,"href":"https:\/\/diarioregionaldigital.com.br\/index.php?rest_route=\/wp\/v2\/users\/246"}],"replies":[{"embeddable":true,"href":"https:\/\/diarioregionaldigital.com.br\/index.php?rest_route=%2Fwp%2Fv2%2Fcomments&post=188913"}],"version-history":[{"count":1,"href":"https:\/\/diarioregionaldigital.com.br\/index.php?rest_route=\/wp\/v2\/posts\/188913\/revisions"}],"predecessor-version":[{"id":188915,"href":"https:\/\/diarioregionaldigital.com.br\/index.php?rest_route=\/wp\/v2\/posts\/188913\/revisions\/188915"}],"wp:featuredmedia":[{"embeddable":true,"href":"https:\/\/diarioregionaldigital.com.br\/index.php?rest_route=\/wp\/v2\/media\/188914"}],"wp:attachment":[{"href":"https:\/\/diarioregionaldigital.com.br\/index.php?rest_route=%2Fwp%2Fv2%2Fmedia&parent=188913"}],"wp:term":[{"taxonomy":"category","embeddable":true,"href":"https:\/\/diarioregionaldigital.com.br\/index.php?rest_route=%2Fwp%2Fv2%2Fcategories&post=188913"},{"taxonomy":"post_tag","embeddable":true,"href":"https:\/\/diarioregionaldigital.com.br\/index.php?rest_route=%2Fwp%2Fv2%2Ftags&post=188913"}],"curies":[{"name":"wp","href":"https:\/\/api.w.org\/{rel}","templated":true}]}}