{"id":188910,"date":"2021-09-28T13:10:12","date_gmt":"2021-09-28T16:10:12","guid":{"rendered":"https:\/\/diarioregionaldigital.com.br\/?p=188910"},"modified":"2021-09-28T13:10:12","modified_gmt":"2021-09-28T16:10:12","slug":"policia-militar-atende-vitimas-de-roubo-no-bom-pastor","status":"publish","type":"post","link":"https:\/\/diarioregionaldigital.com.br\/?p=188910","title":{"rendered":"Pol\u00edcia Militar atende v\u00edtimas de roubo no Bom Pastor"},"content":{"rendered":"<p>Na madrugada desta ter\u00e7a-feira, 28set21 por volta das 00h47min, a Pol\u00edcia Militar foi acionada a comparecer na Rua Dr Jos\u00e9 Proc\u00f3pio Teixeira no bairro Bom Pastor para atendimento a uma mulher e um homem ambos de 18 anos, v\u00edtimas de roubo. Segundo relatos transitavam juntos pelo local quando um ve\u00edculo Peugeot cor escura parou, dois indiv\u00edduos desceram, um deles armado com um machado, anunciou o roubo, subtra\u00edram dois telefones celulares e fugiram. V\u00edtimas orientadas quanto \u00e0s demais provid\u00eancias. A Pol\u00edcia Militar segue em rastreamento para pris\u00e3o dos autores.<\/p>\n","protected":false},"excerpt":{"rendered":"<p>Na madrugada desta ter\u00e7a-feira, 28set21 por volta das 00h47min, a Pol\u00edcia Militar foi acionada a comparecer na Rua Dr Jos\u00e9 Proc\u00f3pio Teixeira no bairro Bom Pastor para atendimento a uma mulher e um homem ambos de 18 anos, v\u00edtimas de roubo. Segundo relatos transitavam juntos pelo local quando um ve\u00edculo Peugeot cor escura parou, dois [&hellip;]<\/p>\n","protected":false},"author":246,"featured_media":188911,"comment_status":"closed","ping_status":"closed","sticky":false,"template":"","format":"standard","meta":{"footnotes":""},"categories":[301],"tags":[],"class_list":["post-188910","post","type-post","status-publish","format-standard","has-post-thumbnail","hentry","category-artigos-policiais"],"_links":{"self":[{"href":"https:\/\/diarioregionaldigital.com.br\/index.php?rest_route=\/wp\/v2\/posts\/188910","targetHints":{"allow":["GET"]}}],"collection":[{"href":"https:\/\/diarioregionaldigital.com.br\/index.php?rest_route=\/wp\/v2\/posts"}],"about":[{"href":"https:\/\/diarioregionaldigital.com.br\/index.php?rest_route=\/wp\/v2\/types\/post"}],"author":[{"embeddable":true,"href":"https:\/\/diarioregionaldigital.com.br\/index.php?rest_route=\/wp\/v2\/users\/246"}],"replies":[{"embeddable":true,"href":"https:\/\/diarioregionaldigital.com.br\/index.php?rest_route=%2Fwp%2Fv2%2Fcomments&post=188910"}],"version-history":[{"count":1,"href":"https:\/\/diarioregionaldigital.com.br\/index.php?rest_route=\/wp\/v2\/posts\/188910\/revisions"}],"predecessor-version":[{"id":188912,"href":"https:\/\/diarioregionaldigital.com.br\/index.php?rest_route=\/wp\/v2\/posts\/188910\/revisions\/188912"}],"wp:featuredmedia":[{"embeddable":true,"href":"https:\/\/diarioregionaldigital.com.br\/index.php?rest_route=\/wp\/v2\/media\/188911"}],"wp:attachment":[{"href":"https:\/\/diarioregionaldigital.com.br\/index.php?rest_route=%2Fwp%2Fv2%2Fmedia&parent=188910"}],"wp:term":[{"taxonomy":"category","embeddable":true,"href":"https:\/\/diarioregionaldigital.com.br\/index.php?rest_route=%2Fwp%2Fv2%2Fcategories&post=188910"},{"taxonomy":"post_tag","embeddable":true,"href":"https:\/\/diarioregionaldigital.com.br\/index.php?rest_route=%2Fwp%2Fv2%2Ftags&post=188910"}],"curies":[{"name":"wp","href":"https:\/\/api.w.org\/{rel}","templated":true}]}}