{"id":188799,"date":"2021-09-24T19:48:42","date_gmt":"2021-09-24T22:48:42","guid":{"rendered":"https:\/\/diarioregionaldigital.com.br\/?p=188799"},"modified":"2021-09-24T19:48:42","modified_gmt":"2021-09-24T22:48:42","slug":"nova-sede-regional-do-ief-em-lafaiete-amplia-capacidade-de-restauracao-e-preservacao-ambiental","status":"publish","type":"post","link":"https:\/\/diarioregionaldigital.com.br\/?p=188799","title":{"rendered":"Nova sede regional do IEF em Lafaiete amplia capacidade de restaura\u00e7\u00e3o e preserva\u00e7\u00e3o ambiental"},"content":{"rendered":"<p>O\u00a0<a href=\"https:\/\/www.mg.gov.br\/\" target=\"_blank\" rel=\"noopener noreferrer\">Governo de Minas<\/a>\u00a0inaugurou, nesta semana, a nova sede administrativa do N\u00facleo de Apoio Regional (NAR) do\u00a0<a href=\"http:\/\/www.ief.mg.gov.br\/\" target=\"_blank\" rel=\"noopener noreferrer\">Instituto Estadual de Florestas (IEF)<\/a>\u00a0em Conselheiro Lafaiete, na regi\u00e3o Central. Durante o evento, foi apresentada a nova estrutura do Viveiro Florestal mantido pelo Estado no munic\u00edpio, que, ap\u00f3s reforma e revitaliza\u00e7\u00e3o, passa a contar com capacidade anual de produ\u00e7\u00e3o superior a 600 mil mudas.<\/p>\n<p>A secret\u00e1ria de Estado de\u00a0<a href=\"http:\/\/www.meioambiente.mg.gov.br\/\" target=\"_blank\" rel=\"noopener noreferrer\">Meio Ambiente e Desenvolvimento Sustent\u00e1vel<\/a>, Mar\u00edlia Melo, ressalta a import\u00e2ncia de uma gest\u00e3o ambiental pr\u00f3xima dos cidad\u00e3os mineiros. \u201cToda vez que temos a oportunidade de criar estruturas capazes de diminuir a dist\u00e2ncia entre o Governo e a popula\u00e7\u00e3o, obviamente, respeitando a viabilidade financeira e econ\u00f4mica do or\u00e7amento p\u00fablico, ser\u00e1 um caminho que pretendemos trilhar\u201d, frisa.<\/p>\n<p>A diretora-geral do IEF, Maria Am\u00e9lia Mattos, destaca a relev\u00e2ncia das a\u00e7\u00f5es locais para a revers\u00e3o dos impactos globais relacionados ao meio ambiente. \u201cTemos que fazer pequeno e pensar grande. Com a reestrutura\u00e7\u00e3o deste viveiro, poderemos restaurar florestas, al\u00e9m de proteger nascentes e \u00c1reas de Preserva\u00e7\u00e3o Permanente na regi\u00e3o, contribuindo para reverter este quadro cr\u00edtico que estamos vivendo em todo o planeta\u201d, diz.<\/p>\n<p><strong>Estrutura<\/strong><\/p>\n<p>O NAR Conselheiro Lafaiete integra a estrutura administrativa da Unidade Regional de Florestas e Biodiversidade (URFBio) Centro-Sul, com sede em Barbacena, e responde por 20 munic\u00edpios localizados em seu entorno. O novo espa\u00e7o ter\u00e1 capacidade de atendimento anual de aproximadamente 1.200 processos relacionados \u00e0 gest\u00e3o florestal em sua \u00e1rea de abrang\u00eancia.<\/p>\n<p>As principais demandas atendidas na regi\u00e3o est\u00e3o ligadas a interven\u00e7\u00e3o com supress\u00e3o de vegeta\u00e7\u00e3o, formaliza\u00e7\u00e3o de processos relacionados a florestas plantadas, pedidos de queima controlada, orienta\u00e7\u00e3o para realoca\u00e7\u00e3o e demarca\u00e7\u00e3o de reservas florestais e recupera\u00e7\u00e3o de \u00e1reas degradadas.<\/p>\n<p>A constru\u00e7\u00e3o da nova sede regional em Lafaiete e a revitaliza\u00e7\u00e3o do Viveiro Florestal do munic\u00edpio foram poss\u00edveis por compensa\u00e7\u00e3o ambiental formalizada por meio de Termo de Coopera\u00e7\u00e3o T\u00e9cnica (TCT) firmado entre a URFBio Centro-Sul e a Companhia Sider\u00fargica Nacional (CSN), que atua na regi\u00e3o.<\/p>\n<p><strong>Reserva h\u00eddrica<\/strong><\/p>\n<p>A URFBio Centro-Sul mant\u00e9m em seu territ\u00f3rio de abrang\u00eancia importantes nascentes do estado, entre elas a do Rio das Velhas, em Ouro Preto, e a do Rio Paraopeba, em Cristiano Otoni, principais afluentes da Bacia Hidrogr\u00e1fica do Rio S\u00e3o Francisco.<\/p>\n<p>Outra relevante bacia com nascentes na regi\u00e3o \u00e9 a do Rio Doce, com o Rio Carmo, tamb\u00e9m em Ouro Preto, e o Rio Piranga, em Ressaquinha. O Rio Xopot\u00f3, principal afluente do Piranga, tamb\u00e9m nasce no local.<\/p>\n<p>Um dos mais importantes afluentes no abastecimento da Zona da Mata, o Rio Paraibuna, nasce a 13 quil\u00f4metros de Barbacena, assim como o Rio Pomba, principal afluente deste curso d\u2019\u00e1gua. \u201cSe Minas Gerais tem o t\u00edtulo de caixa d\u2019\u00e1gua do Brasil, com certeza essa regi\u00e3o composta por parte das serras da Mantiqueira e do Espinha\u00e7o, compreendendo Campo das Vertentes, Alto Paraopeba e Alto Velhas, \u00e9 um dos grandes respons\u00e1veis\u201d, destaca o supervisor regional da URFBio Centro-Sul, Ricardo Ayres.<\/p>\n<p><strong>Cerim\u00f4nia<\/strong><\/p>\n<p>A inaugura\u00e7\u00e3o do NAR ocorreu na \u00faltima quarta-feira (22\/9), com presen\u00e7a do prefeito de Conselheiro Lafaiete, M\u00e1rio Dutra, do deputado estadual Noraldino J\u00fanior, entre outras autoridades da regi\u00e3o. \u201cAs parcerias s\u00e3o extremamente importantes para o avan\u00e7o e para o fortalecimento das institui\u00e7\u00f5es. Muito nos orgulha esta sede do IEF para o atendimento de nossa popula\u00e7\u00e3o e tamb\u00e9m das cidades vizinhas\u201d, afirma o chefe do Executivo municipal.<\/p>\n<p>O gerente-geral de Sustentabilidade da CSN Minera\u00e7\u00e3o, Eduardo Sanches, lembra, ainda, que a atua\u00e7\u00e3o conjunta entre setor produtivo e poder p\u00fablico na constru\u00e7\u00e3o de solu\u00e7\u00f5es sustent\u00e1veis para o desenvolvimento econ\u00f4mico \u00e9 essencial.<\/p>\n<p><span style=\"font-weight: 400;\"><br \/>\n<\/span><span style=\"font-weight: 400;\">Fonte: Ag\u00eancia Minas <\/span><\/p>\n","protected":false},"excerpt":{"rendered":"<p>O\u00a0Governo de Minas\u00a0inaugurou, nesta semana, a nova sede administrativa do N\u00facleo de Apoio Regional (NAR) do\u00a0Instituto Estadual de Florestas (IEF)\u00a0em Conselheiro Lafaiete, na regi\u00e3o Central. Durante o evento, foi apresentada a nova estrutura do Viveiro Florestal mantido pelo Estado no munic\u00edpio, que, ap\u00f3s reforma e revitaliza\u00e7\u00e3o, passa a contar com capacidade anual de produ\u00e7\u00e3o superior [&hellip;]<\/p>\n","protected":false},"author":246,"featured_media":188800,"comment_status":"closed","ping_status":"closed","sticky":false,"template":"","format":"standard","meta":{"footnotes":""},"categories":[436,254,252],"tags":[],"class_list":["post-188799","post","type-post","status-publish","format-standard","has-post-thumbnail","hentry","category-destaque-da-semana","category-politica","category-regiao"],"_links":{"self":[{"href":"https:\/\/diarioregionaldigital.com.br\/index.php?rest_route=\/wp\/v2\/posts\/188799","targetHints":{"allow":["GET"]}}],"collection":[{"href":"https:\/\/diarioregionaldigital.com.br\/index.php?rest_route=\/wp\/v2\/posts"}],"about":[{"href":"https:\/\/diarioregionaldigital.com.br\/index.php?rest_route=\/wp\/v2\/types\/post"}],"author":[{"embeddable":true,"href":"https:\/\/diarioregionaldigital.com.br\/index.php?rest_route=\/wp\/v2\/users\/246"}],"replies":[{"embeddable":true,"href":"https:\/\/diarioregionaldigital.com.br\/index.php?rest_route=%2Fwp%2Fv2%2Fcomments&post=188799"}],"version-history":[{"count":1,"href":"https:\/\/diarioregionaldigital.com.br\/index.php?rest_route=\/wp\/v2\/posts\/188799\/revisions"}],"predecessor-version":[{"id":188802,"href":"https:\/\/diarioregionaldigital.com.br\/index.php?rest_route=\/wp\/v2\/posts\/188799\/revisions\/188802"}],"wp:featuredmedia":[{"embeddable":true,"href":"https:\/\/diarioregionaldigital.com.br\/index.php?rest_route=\/wp\/v2\/media\/188800"}],"wp:attachment":[{"href":"https:\/\/diarioregionaldigital.com.br\/index.php?rest_route=%2Fwp%2Fv2%2Fmedia&parent=188799"}],"wp:term":[{"taxonomy":"category","embeddable":true,"href":"https:\/\/diarioregionaldigital.com.br\/index.php?rest_route=%2Fwp%2Fv2%2Fcategories&post=188799"},{"taxonomy":"post_tag","embeddable":true,"href":"https:\/\/diarioregionaldigital.com.br\/index.php?rest_route=%2Fwp%2Fv2%2Ftags&post=188799"}],"curies":[{"name":"wp","href":"https:\/\/api.w.org\/{rel}","templated":true}]}}