{"id":188794,"date":"2021-09-24T19:45:45","date_gmt":"2021-09-24T22:45:45","guid":{"rendered":"https:\/\/diarioregionaldigital.com.br\/?p=188794"},"modified":"2021-09-24T19:46:44","modified_gmt":"2021-09-24T22:46:44","slug":"governo-do-estado-inicia-pagamento-do-passivo-de-ferias-premio-na-segunda-feira-27-9","status":"publish","type":"post","link":"https:\/\/diarioregionaldigital.com.br\/?p=188794","title":{"rendered":"Governo do Estado inicia pagamento do passivo de f\u00e9rias-pr\u00eamio na segunda-feira (27\/9)"},"content":{"rendered":"<p>Conforme anunciado no \u00faltimo m\u00eas, o\u00a0<a href=\"http:\/\/www.mg.gov.br\/\" target=\"_blank\" rel=\"noopener\">Governo de Minas<\/a>\u00a0come\u00e7a a quitar, a partir da pr\u00f3xima segunda-feira (27\/9), o passivo de f\u00e9rias-pr\u00eamio convertidas em esp\u00e9cie. Esse primeiro pagamento, de aproximadamente R$ 210 milh\u00f5es, contempla 12.837 servidores, cerca de 50% daqueles que t\u00eam valores a receber. Nesta data, est\u00e3o inclu\u00eddas as f\u00e9rias-pr\u00eamio relativas \u00e0s aposentadorias publicadas com data de vig\u00eancia at\u00e9 o m\u00eas de fevereiro de 2016.<\/p>\n<p>O crit\u00e9rio para o pagamento \u00e9 a ordem cronol\u00f3gica de vig\u00eancia das aposentadorias e os servidores receber\u00e3o o valor devido integralmente em parcela \u00fanica. No total, ser\u00e3o destinados R$ 701 milh\u00f5es, passivo apurado at\u00e9 a folha de julho de 2021, para o pagamento do benef\u00edcio a cerca de 25 mil servidores.<\/p>\n<p>A lista dos nomes contemplados no pagamento n\u00e3o ser\u00e1 divulgada para garantir a seguran\u00e7a dos servidores, mas o contracheque dos beneficiados est\u00e1 dispon\u00edvel para acesso no Portal do Servidor (<a href=\"https:\/\/www.portaldoservidor.mg.gov.br\/\" target=\"_blank\" rel=\"noopener\">https:\/\/www.portaldoservidor.mg.gov.br\/<\/a>). Caso o pagamento n\u00e3o conste no contracheque, mesmo com a data de vig\u00eancia de aposentadoria prevista nesta etapa, o servidor poder\u00e1 abrir um chamado no RH Responde (<a href=\"http:\/\/www.rhresponde.mg.gov.br\/Cliente\" target=\"_blank\" rel=\"noopener\">http:\/\/www.rhresponde.mg.gov.br\/Cliente<\/a>), para esclarecimentos e informa\u00e7\u00f5es.<\/p>\n<p>Os servidores que possuem a\u00e7\u00f5es judiciais em andamento ou cujas entidades sindicais representantes da carreira entraram com a\u00e7\u00e3o coletiva n\u00e3o est\u00e3o inclu\u00eddos no pagamento. Esses casos est\u00e3o sendo negociados individualmente ou pelos sindicatos junto aos \u00f3rg\u00e3os respons\u00e1veis.<\/p>\n<p>Seguindo a ordem cronol\u00f3gica de vig\u00eancia das aposentadorias, os demais servidores ser\u00e3o beneficiados em escalas mensais at\u00e9 dezembro de 2022. Os pagamentos ser\u00e3o feitos na \u00faltima semana de cada m\u00eas. A data do pagamento e at\u00e9 qual m\u00eas e ano de vig\u00eancia da aposentadoria haver\u00e1 a quita\u00e7\u00e3o ser\u00e3o divulgados mensalmente.<\/p>\n<p><strong>F\u00e9rias-pr\u00eamio<\/strong><\/p>\n<p>Os servidores estaduais t\u00eam direito a tr\u00eas meses de f\u00e9rias-pr\u00eamio a cada cinco anos de trabalho. Para as f\u00e9rias-pr\u00eamio adquiridas at\u00e9 2004, \u00e9 poss\u00edvel a convers\u00e3o do benef\u00edcio em esp\u00e9cie no momento da aposentadoria. Atualmente, os servidores continuam tendo direito \u00e0s f\u00e9rias-pr\u00eamio, mas devem usufruir o per\u00edodo, n\u00e3o sendo poss\u00edvel converter para receber em esp\u00e9cie.<\/p>\n<p>Desta forma, o passivo que ser\u00e1 quitado se refere a direitos adquiridos at\u00e9 2004, que tiveram o pagamento paralisado pela gest\u00e3o anterior em 2015. Do total de R$ 701 milh\u00f5es em atraso, aproximadamente 80% corresponde a f\u00e9rias-pr\u00eamio devidas at\u00e9 2018.<\/p>\n<p>A atual gest\u00e3o, em um esfor\u00e7o para equilibrar as contas estaduais e regularizar as d\u00edvidas herdadas, retomou os pagamentos em 2019 para parte dos servidores que tiveram a aposentadoria publicada ao longo dos anos de 2013 e 2014.<\/p>\n<p>Os servidores aposentados por invalidez ou isentos da tributa\u00e7\u00e3o do Imposto de Renda Retido na Fonte (IRRF) em decorr\u00eancia de doen\u00e7a grave, nos termos do inciso XVI, art. 6\u00ba, da Lei federal n\u00ba 7.713, de 22\/12\/1998, est\u00e3o recebendo normalmente.<\/p>\n<p><span style=\"font-weight: 400;\">Fonte: Ag\u00eancia Minas\u00a0<\/span><\/p>\n","protected":false},"excerpt":{"rendered":"<p>Conforme anunciado no \u00faltimo m\u00eas, o\u00a0Governo de Minas\u00a0come\u00e7a a quitar, a partir da pr\u00f3xima segunda-feira (27\/9), o passivo de f\u00e9rias-pr\u00eamio convertidas em esp\u00e9cie. Esse primeiro pagamento, de aproximadamente R$ 210 milh\u00f5es, contempla 12.837 servidores, cerca de 50% daqueles que t\u00eam valores a receber. Nesta data, est\u00e3o inclu\u00eddas as f\u00e9rias-pr\u00eamio relativas \u00e0s aposentadorias publicadas com data [&hellip;]<\/p>\n","protected":false},"author":246,"featured_media":188795,"comment_status":"closed","ping_status":"closed","sticky":false,"template":"","format":"standard","meta":{"footnotes":""},"categories":[436,261,252],"tags":[],"class_list":["post-188794","post","type-post","status-publish","format-standard","has-post-thumbnail","hentry","category-destaque-da-semana","category-economia","category-regiao"],"_links":{"self":[{"href":"https:\/\/diarioregionaldigital.com.br\/index.php?rest_route=\/wp\/v2\/posts\/188794","targetHints":{"allow":["GET"]}}],"collection":[{"href":"https:\/\/diarioregionaldigital.com.br\/index.php?rest_route=\/wp\/v2\/posts"}],"about":[{"href":"https:\/\/diarioregionaldigital.com.br\/index.php?rest_route=\/wp\/v2\/types\/post"}],"author":[{"embeddable":true,"href":"https:\/\/diarioregionaldigital.com.br\/index.php?rest_route=\/wp\/v2\/users\/246"}],"replies":[{"embeddable":true,"href":"https:\/\/diarioregionaldigital.com.br\/index.php?rest_route=%2Fwp%2Fv2%2Fcomments&post=188794"}],"version-history":[{"count":3,"href":"https:\/\/diarioregionaldigital.com.br\/index.php?rest_route=\/wp\/v2\/posts\/188794\/revisions"}],"predecessor-version":[{"id":188798,"href":"https:\/\/diarioregionaldigital.com.br\/index.php?rest_route=\/wp\/v2\/posts\/188794\/revisions\/188798"}],"wp:featuredmedia":[{"embeddable":true,"href":"https:\/\/diarioregionaldigital.com.br\/index.php?rest_route=\/wp\/v2\/media\/188795"}],"wp:attachment":[{"href":"https:\/\/diarioregionaldigital.com.br\/index.php?rest_route=%2Fwp%2Fv2%2Fmedia&parent=188794"}],"wp:term":[{"taxonomy":"category","embeddable":true,"href":"https:\/\/diarioregionaldigital.com.br\/index.php?rest_route=%2Fwp%2Fv2%2Fcategories&post=188794"},{"taxonomy":"post_tag","embeddable":true,"href":"https:\/\/diarioregionaldigital.com.br\/index.php?rest_route=%2Fwp%2Fv2%2Ftags&post=188794"}],"curies":[{"name":"wp","href":"https:\/\/api.w.org\/{rel}","templated":true}]}}