{"id":188791,"date":"2021-09-24T19:40:07","date_gmt":"2021-09-24T22:40:07","guid":{"rendered":"https:\/\/diarioregionaldigital.com.br\/?p=188791"},"modified":"2021-09-24T19:47:53","modified_gmt":"2021-09-24T22:47:53","slug":"governo-de-minas-vai-lancar-programa-para-reduzir-fila-de-cirurgias-eletivas","status":"publish","type":"post","link":"https:\/\/diarioregionaldigital.com.br\/?p=188791","title":{"rendered":"Governo de Minas vai lan\u00e7ar programa para reduzir fila de cirurgias eletivas"},"content":{"rendered":"<p>O governador Romeu Zema anunciou, nesta sexta-feira (24\/9), a libera\u00e7\u00e3o de R$ 729,3 mil para a finaliza\u00e7\u00e3o da constru\u00e7\u00e3o da Unidade B\u00e1sica de Sa\u00fade (UBS) de Mantena, no Vale do Rio Doce, que estava paralisada h\u00e1 sete anos. Durante o an\u00fancio, Zema explicou que a meta, ap\u00f3s o controle da pandemia da covid-19 no estado, \u00e9 desafogar a enorme fila de cirurgias eletivas que n\u00e3o puderam ser realizadas nos per\u00edodos mais cr\u00edticos de transmiss\u00e3o do coronav\u00edrus.<\/p>\n<p>\u201cH\u00e1 mais de 100 dias o n\u00famero de casos, interna\u00e7\u00f5es e \u00f3bitos tem ca\u00eddo de forma sistem\u00e1tica. E, agora, temos um grande desafio, que \u00e9 colocar o sistema de sa\u00fade em dia, haja visto que as cirurgias eletivas ficaram represadas desde o in\u00edcio da pandemia. S\u00e3o milhares de pessoas aguardando por uma cirurgia. E essa UBS vem para complementar, pois muitas pessoas que poderiam ter o seu problema resolvido numa unidade b\u00e1sica de sa\u00fade acabam sobrecarregando um hospital\u201d, explicou.<\/p>\n<p>De acordo com o governador, as unidades b\u00e1sicas de sa\u00fade t\u00eam um papel importante nos atendimentos de baixa complexidade. \u201cMuitos casos podem ser solucionados na UBS. Com isso, o Sistema de Sa\u00fade fica preservado para cuidar de casos mais complexos\u201d, ressaltou.<\/p>\n<p>Tamb\u00e9m estiveram presentes no evento os deputados Braulio Braz, Thiago Cota e Coronel Sandro (estaduais) e Lucas Gonzalez (federal).<\/p>\n<p>&nbsp;<\/p>\n<div class=\"clear \">\n<p><strong>Legado<\/strong><\/p>\n<p>O secret\u00e1rio de Estado de\u00a0<a href=\"http:\/\/www.saude.mg.gov.br\/\" target=\"_blank\" rel=\"noopener\">Sa\u00fade<\/a>, o m\u00e9dico F\u00e1bio Baccheretti, explicou que pleiteou junto ao Minist\u00e9rio da Sa\u00fade, h\u00e1 cerca de um m\u00eas, a manuten\u00e7\u00e3o de mais de 860 leitos de CTI p\u00f3s-covid para que o legado permane\u00e7a em Minas Gerais.<\/p>\n<p>\u201cNa pr\u00f3xima quarta-feira volto a Bras\u00edlia para cobrar um posicionamento do Minist\u00e9rio da Sa\u00fade para que a gente possa deixar uma estrutura muito mais robusta, especialmente de terapia intensiva e, como o governador falou, lan\u00e7aremos no m\u00eas que vem um grande programa de incentivo de cirurgias. S\u00e3o mais de 300 mil cirurgias que o estado tem hoje na fila e queremos fazer dois anos em um para recuperar esse tempo perdido durante a pandemia\u201d, disse.<\/p>\n<p><strong>Covid<\/strong><\/p>\n<p>Em rela\u00e7\u00e3o \u00e0 cobertura vacinal de combate \u00e0 covid, 17.047 pessoas receberam a primeira dose em Mantena. A segunda j\u00e1 foi aplicada em 7.818 moradores.<\/p>\n<p>Em fevereiro de 2020, no in\u00edcio da pandemia, a macrorregi\u00e3o Leste contava com 30 leitos de UTI. Agora, s\u00e3o 96 leitos, um alta de 220%. Em rela\u00e7\u00e3o aos leitos de enfermaria, o crescimento foi de 576%.<\/p>\n<p>O munic\u00edpio conta com 6 leitos de UTI e 43 de enfermaria em dois hospitais: Hospital Evang\u00e9lico de Mantena e Hospital S\u00e3o Vicente de Paulo.<\/p>\n<p>Para o enfrentamento da pandemia, a macrorregi\u00e3o recebeu 66 equipamentos: 24 ventiladores invasivos, 7 bipap, 9 monitores, 5 cardioversores, 20 ventiladores de transporte e 1 monitor de transporte. Mantena recebeu 13, sendo 1 bipap, 9 monitores, 1 cardioversor, 1 ventilador de transporte e 1 monitor de transporte.<\/p>\n<p><span style=\"font-weight: 400;\">Fonte: Ag\u00eancia Minas\u00a0<\/span><\/p>\n<\/div>\n<p>&nbsp;<\/p>\n","protected":false},"excerpt":{"rendered":"<p>O governador Romeu Zema anunciou, nesta sexta-feira (24\/9), a libera\u00e7\u00e3o de R$ 729,3 mil para a finaliza\u00e7\u00e3o da constru\u00e7\u00e3o da Unidade B\u00e1sica de Sa\u00fade (UBS) de Mantena, no Vale do Rio Doce, que estava paralisada h\u00e1 sete anos. Durante o an\u00fancio, Zema explicou que a meta, ap\u00f3s o controle da pandemia da covid-19 no estado, [&hellip;]<\/p>\n","protected":false},"author":246,"featured_media":188792,"comment_status":"closed","ping_status":"closed","sticky":false,"template":"","format":"standard","meta":{"footnotes":""},"categories":[436,440,254,252],"tags":[],"class_list":["post-188791","post","type-post","status-publish","format-standard","has-post-thumbnail","hentry","category-destaque-da-semana","category-destaques-do-dia","category-politica","category-regiao"],"_links":{"self":[{"href":"https:\/\/diarioregionaldigital.com.br\/index.php?rest_route=\/wp\/v2\/posts\/188791","targetHints":{"allow":["GET"]}}],"collection":[{"href":"https:\/\/diarioregionaldigital.com.br\/index.php?rest_route=\/wp\/v2\/posts"}],"about":[{"href":"https:\/\/diarioregionaldigital.com.br\/index.php?rest_route=\/wp\/v2\/types\/post"}],"author":[{"embeddable":true,"href":"https:\/\/diarioregionaldigital.com.br\/index.php?rest_route=\/wp\/v2\/users\/246"}],"replies":[{"embeddable":true,"href":"https:\/\/diarioregionaldigital.com.br\/index.php?rest_route=%2Fwp%2Fv2%2Fcomments&post=188791"}],"version-history":[{"count":2,"href":"https:\/\/diarioregionaldigital.com.br\/index.php?rest_route=\/wp\/v2\/posts\/188791\/revisions"}],"predecessor-version":[{"id":188801,"href":"https:\/\/diarioregionaldigital.com.br\/index.php?rest_route=\/wp\/v2\/posts\/188791\/revisions\/188801"}],"wp:featuredmedia":[{"embeddable":true,"href":"https:\/\/diarioregionaldigital.com.br\/index.php?rest_route=\/wp\/v2\/media\/188792"}],"wp:attachment":[{"href":"https:\/\/diarioregionaldigital.com.br\/index.php?rest_route=%2Fwp%2Fv2%2Fmedia&parent=188791"}],"wp:term":[{"taxonomy":"category","embeddable":true,"href":"https:\/\/diarioregionaldigital.com.br\/index.php?rest_route=%2Fwp%2Fv2%2Fcategories&post=188791"},{"taxonomy":"post_tag","embeddable":true,"href":"https:\/\/diarioregionaldigital.com.br\/index.php?rest_route=%2Fwp%2Fv2%2Ftags&post=188791"}],"curies":[{"name":"wp","href":"https:\/\/api.w.org\/{rel}","templated":true}]}}