{"id":188785,"date":"2021-09-24T19:24:47","date_gmt":"2021-09-24T22:24:47","guid":{"rendered":"https:\/\/diarioregionaldigital.com.br\/?p=188785"},"modified":"2021-09-24T19:24:47","modified_gmt":"2021-09-24T22:24:47","slug":"confianca-do-consumidor-recua-65-pontos-em-setembro-diz-fgv","status":"publish","type":"post","link":"https:\/\/diarioregionaldigital.com.br\/?p=188785","title":{"rendered":"Confian\u00e7a do consumidor recua 6,5 pontos em setembro, diz FGV"},"content":{"rendered":"<p>O \u00cdndice de Confian\u00e7a do Consumidor (ICC), medido pela Funda\u00e7\u00e3o Getulio Vargas (FGV), recuou 6,5 pontos na passagem de agosto para setembro deste ano. Com isso, o indicador atingiu 75,3 pontos, em uma escala de zero a 200 pontos, o menor patamar desde abril deste ano (72,1 pontos).<img decoding=\"async\" src=\"https:\/\/agenciabrasil.ebc.com.br\/ebc.png?id=1422527&amp;o=node\" \/><img decoding=\"async\" src=\"https:\/\/agenciabrasil.ebc.com.br\/ebc.gif?id=1422527&amp;o=node\" \/><\/p>\n<p>Houve piora tanto na percep\u00e7\u00e3o dos consumidores brasileiros sobre as expectativas em rela\u00e7\u00e3o aos pr\u00f3ximos meses e quanto em rela\u00e7\u00e3o \u00e0 situa\u00e7\u00e3o atual. O \u00cdndice de Situa\u00e7\u00e3o Atual caiu 1 ponto, para 68,8 pontos. J\u00e1 o \u00cdndice de Expectativas recuou 9,8 pontos, para 81,1 pontos.<\/p>\n<p>\u201cA confian\u00e7a dos consumidores brasileiros caiu expressivamente em setembro, confirmando a interrup\u00e7\u00e3o da tend\u00eancia de recupera\u00e7\u00e3o iniciada em abril, ap\u00f3s a segunda onda de covid-19. A queda foi determinada pela combina\u00e7\u00e3o de fatores que j\u00e1 vinham afetando a confian\u00e7a em meses anteriores, como a infla\u00e7\u00e3o e desemprego elevados, e de novos fatores, como o risco de crise energ\u00e9tica e o aumento da incerteza econ\u00f4mica e pol\u00edtica com impacto mais acentuado sobre as expectativas em rela\u00e7\u00e3o aos pr\u00f3ximos meses\u201d, afirma a pesquisadora da FGV Viviane Seda Bittencourt.<\/p>\n<p><span style=\"font-weight: 400;\">Fonte: Ag\u00eancia Brasil <\/span><\/p>\n","protected":false},"excerpt":{"rendered":"<p>O \u00cdndice de Confian\u00e7a do Consumidor (ICC), medido pela Funda\u00e7\u00e3o Getulio Vargas (FGV), recuou 6,5 pontos na passagem de agosto para setembro deste ano. Com isso, o indicador atingiu 75,3 pontos, em uma escala de zero a 200 pontos, o menor patamar desde abril deste ano (72,1 pontos). Houve piora tanto na percep\u00e7\u00e3o dos consumidores [&hellip;]<\/p>\n","protected":false},"author":246,"featured_media":188786,"comment_status":"closed","ping_status":"closed","sticky":false,"template":"","format":"standard","meta":{"footnotes":""},"categories":[436,261],"tags":[],"class_list":["post-188785","post","type-post","status-publish","format-standard","has-post-thumbnail","hentry","category-destaque-da-semana","category-economia"],"_links":{"self":[{"href":"https:\/\/diarioregionaldigital.com.br\/index.php?rest_route=\/wp\/v2\/posts\/188785","targetHints":{"allow":["GET"]}}],"collection":[{"href":"https:\/\/diarioregionaldigital.com.br\/index.php?rest_route=\/wp\/v2\/posts"}],"about":[{"href":"https:\/\/diarioregionaldigital.com.br\/index.php?rest_route=\/wp\/v2\/types\/post"}],"author":[{"embeddable":true,"href":"https:\/\/diarioregionaldigital.com.br\/index.php?rest_route=\/wp\/v2\/users\/246"}],"replies":[{"embeddable":true,"href":"https:\/\/diarioregionaldigital.com.br\/index.php?rest_route=%2Fwp%2Fv2%2Fcomments&post=188785"}],"version-history":[{"count":1,"href":"https:\/\/diarioregionaldigital.com.br\/index.php?rest_route=\/wp\/v2\/posts\/188785\/revisions"}],"predecessor-version":[{"id":188787,"href":"https:\/\/diarioregionaldigital.com.br\/index.php?rest_route=\/wp\/v2\/posts\/188785\/revisions\/188787"}],"wp:featuredmedia":[{"embeddable":true,"href":"https:\/\/diarioregionaldigital.com.br\/index.php?rest_route=\/wp\/v2\/media\/188786"}],"wp:attachment":[{"href":"https:\/\/diarioregionaldigital.com.br\/index.php?rest_route=%2Fwp%2Fv2%2Fmedia&parent=188785"}],"wp:term":[{"taxonomy":"category","embeddable":true,"href":"https:\/\/diarioregionaldigital.com.br\/index.php?rest_route=%2Fwp%2Fv2%2Fcategories&post=188785"},{"taxonomy":"post_tag","embeddable":true,"href":"https:\/\/diarioregionaldigital.com.br\/index.php?rest_route=%2Fwp%2Fv2%2Ftags&post=188785"}],"curies":[{"name":"wp","href":"https:\/\/api.w.org\/{rel}","templated":true}]}}