{"id":188781,"date":"2021-09-24T19:23:12","date_gmt":"2021-09-24T22:23:12","guid":{"rendered":"https:\/\/diarioregionaldigital.com.br\/?p=188781"},"modified":"2021-09-24T19:23:12","modified_gmt":"2021-09-24T22:23:12","slug":"previa-da-inflacao-oficial-sobe-para-114-em-setembro","status":"publish","type":"post","link":"https:\/\/diarioregionaldigital.com.br\/?p=188781","title":{"rendered":"Pr\u00e9via da infla\u00e7\u00e3o oficial sobe para 1,14% em setembro"},"content":{"rendered":"<p>O \u00cdndice Nacional de Pre\u00e7os ao Consumidor Amplo 15 (IPCA-15), que mede a pr\u00e9via da infla\u00e7\u00e3o oficial no pa\u00eds, chegou a 1,14% em setembro deste ano. A taxa \u00e9 superior ao resultado de 0,89% de agosto deste ano e ao 0,45% de setembro do ano passado. \u00c9 tamb\u00e9m a maior taxa para setembro desde 1994 (1,42%).<img decoding=\"async\" src=\"https:\/\/agenciabrasil.ebc.com.br\/ebc.png?id=1422528&amp;o=node\" \/><img decoding=\"async\" src=\"https:\/\/agenciabrasil.ebc.com.br\/ebc.gif?id=1422528&amp;o=node\" \/><\/p>\n<p>Com o resultado, a pr\u00e9via da infla\u00e7\u00e3o oficial acumula taxas de 7,02% no ano e de 10,05% em 12 meses.\u00a0A taxa trimestral do IPCA-15, tamb\u00e9m conhecida como IPCA-E, chegou a 2,77%. Os dados foram divulgados hoje (24) pelo Instituto Brasileiro de Geografia e Estat\u00edstica (IBGE).<\/p>\n<p><strong>Despesas<\/strong><\/p>\n<p>De agosto para setembro, oito dos nove grupos de despesas registraram infla\u00e7\u00e3o, com destaque para transportes (2,22%), que teve alta de pre\u00e7os influenciada pela gasolina (2,85%), etanol (4,55%), g\u00e1s veicular (2,04%) e \u00f3leo diesel (1,63%).<\/p>\n<p>A alimenta\u00e7\u00e3o e bebidas tamb\u00e9m apresentou impacto importante na alta do IPCA-15, ao registrar taxa de 1,27%, com altas de pre\u00e7os de produtos como carnes (1,10%), batata-inglesa (10,41%), caf\u00e9 mo\u00eddo (7,80%), frango em peda\u00e7os (4,70%), frutas (2,81%) e leite longa vida (2,01%).<\/p>\n<p>Tamb\u00e9m houve infla\u00e7\u00e3o relevante no grupo de despesas habita\u00e7\u00e3o (1,55%). O item que mais influenciou essa alta de pre\u00e7os foi energia el\u00e9trica, que ficou 3,61% mais cara no per\u00edodo.<\/p>\n<p>Por outro lado, educa\u00e7\u00e3o foi o \u00fanico grupo de despesas com defla\u00e7\u00e3o (queda de pre\u00e7os): -0,01%.<\/p>\n<p><span style=\"font-weight: 400;\">Fonte: Ag\u00eancia Brasil <\/span><\/p>\n","protected":false},"excerpt":{"rendered":"<p>O \u00cdndice Nacional de Pre\u00e7os ao Consumidor Amplo 15 (IPCA-15), que mede a pr\u00e9via da infla\u00e7\u00e3o oficial no pa\u00eds, chegou a 1,14% em setembro deste ano. A taxa \u00e9 superior ao resultado de 0,89% de agosto deste ano e ao 0,45% de setembro do ano passado. \u00c9 tamb\u00e9m a maior taxa para setembro desde 1994 [&hellip;]<\/p>\n","protected":false},"author":246,"featured_media":188782,"comment_status":"closed","ping_status":"closed","sticky":false,"template":"","format":"standard","meta":{"footnotes":""},"categories":[436,261],"tags":[],"class_list":["post-188781","post","type-post","status-publish","format-standard","has-post-thumbnail","hentry","category-destaque-da-semana","category-economia"],"_links":{"self":[{"href":"https:\/\/diarioregionaldigital.com.br\/index.php?rest_route=\/wp\/v2\/posts\/188781","targetHints":{"allow":["GET"]}}],"collection":[{"href":"https:\/\/diarioregionaldigital.com.br\/index.php?rest_route=\/wp\/v2\/posts"}],"about":[{"href":"https:\/\/diarioregionaldigital.com.br\/index.php?rest_route=\/wp\/v2\/types\/post"}],"author":[{"embeddable":true,"href":"https:\/\/diarioregionaldigital.com.br\/index.php?rest_route=\/wp\/v2\/users\/246"}],"replies":[{"embeddable":true,"href":"https:\/\/diarioregionaldigital.com.br\/index.php?rest_route=%2Fwp%2Fv2%2Fcomments&post=188781"}],"version-history":[{"count":2,"href":"https:\/\/diarioregionaldigital.com.br\/index.php?rest_route=\/wp\/v2\/posts\/188781\/revisions"}],"predecessor-version":[{"id":188784,"href":"https:\/\/diarioregionaldigital.com.br\/index.php?rest_route=\/wp\/v2\/posts\/188781\/revisions\/188784"}],"wp:featuredmedia":[{"embeddable":true,"href":"https:\/\/diarioregionaldigital.com.br\/index.php?rest_route=\/wp\/v2\/media\/188782"}],"wp:attachment":[{"href":"https:\/\/diarioregionaldigital.com.br\/index.php?rest_route=%2Fwp%2Fv2%2Fmedia&parent=188781"}],"wp:term":[{"taxonomy":"category","embeddable":true,"href":"https:\/\/diarioregionaldigital.com.br\/index.php?rest_route=%2Fwp%2Fv2%2Fcategories&post=188781"},{"taxonomy":"post_tag","embeddable":true,"href":"https:\/\/diarioregionaldigital.com.br\/index.php?rest_route=%2Fwp%2Fv2%2Ftags&post=188781"}],"curies":[{"name":"wp","href":"https:\/\/api.w.org\/{rel}","templated":true}]}}