{"id":188775,"date":"2021-09-24T13:45:12","date_gmt":"2021-09-24T16:45:12","guid":{"rendered":"https:\/\/diarioregionaldigital.com.br\/?p=188775"},"modified":"2021-09-24T13:45:12","modified_gmt":"2021-09-24T16:45:12","slug":"policia-militar-prende-autor-e-apreende-materiais-relacionados-ao-trafico-de-drogas-no-bairro-sao-benedito","status":"publish","type":"post","link":"https:\/\/diarioregionaldigital.com.br\/?p=188775","title":{"rendered":"Pol\u00edcia Militar prende autor e apreende materiais relacionados ao tr\u00e1fico de drogas no bairro S\u00e3o Benedito"},"content":{"rendered":"<p>No dia 23set21 por volta das 15h51min, a Pol\u00edcia Militar se deslocou at\u00e9 a Avenida Agilberto Costa no bairro S\u00e3o Benedito para o cumprimento de um mandado de busca e apreens\u00e3o. No local foram realizadas as buscas domiciliares, encontrado e apreendido: 09 bolas de haxixe, 03 buchas de maconha, 49 pedras de crack, 01 papelote de coca\u00edna, R$ 40,00 em dinheiro, 01 balan\u00e7a de precis\u00e3o, material para embalar drogas e 01 telefone celular. O autor, homem de 20 anos foi preso em flagrante delito sendo conduzido \u00e0 Delegacia com os materiais.<\/p>\n","protected":false},"excerpt":{"rendered":"<p>No dia 23set21 por volta das 15h51min, a Pol\u00edcia Militar se deslocou at\u00e9 a Avenida Agilberto Costa no bairro S\u00e3o Benedito para o cumprimento de um mandado de busca e apreens\u00e3o. No local foram realizadas as buscas domiciliares, encontrado e apreendido: 09 bolas de haxixe, 03 buchas de maconha, 49 pedras de crack, 01 papelote [&hellip;]<\/p>\n","protected":false},"author":246,"featured_media":188776,"comment_status":"closed","ping_status":"closed","sticky":false,"template":"","format":"standard","meta":{"footnotes":""},"categories":[301],"tags":[],"class_list":["post-188775","post","type-post","status-publish","format-standard","has-post-thumbnail","hentry","category-artigos-policiais"],"_links":{"self":[{"href":"https:\/\/diarioregionaldigital.com.br\/index.php?rest_route=\/wp\/v2\/posts\/188775","targetHints":{"allow":["GET"]}}],"collection":[{"href":"https:\/\/diarioregionaldigital.com.br\/index.php?rest_route=\/wp\/v2\/posts"}],"about":[{"href":"https:\/\/diarioregionaldigital.com.br\/index.php?rest_route=\/wp\/v2\/types\/post"}],"author":[{"embeddable":true,"href":"https:\/\/diarioregionaldigital.com.br\/index.php?rest_route=\/wp\/v2\/users\/246"}],"replies":[{"embeddable":true,"href":"https:\/\/diarioregionaldigital.com.br\/index.php?rest_route=%2Fwp%2Fv2%2Fcomments&post=188775"}],"version-history":[{"count":1,"href":"https:\/\/diarioregionaldigital.com.br\/index.php?rest_route=\/wp\/v2\/posts\/188775\/revisions"}],"predecessor-version":[{"id":188777,"href":"https:\/\/diarioregionaldigital.com.br\/index.php?rest_route=\/wp\/v2\/posts\/188775\/revisions\/188777"}],"wp:featuredmedia":[{"embeddable":true,"href":"https:\/\/diarioregionaldigital.com.br\/index.php?rest_route=\/wp\/v2\/media\/188776"}],"wp:attachment":[{"href":"https:\/\/diarioregionaldigital.com.br\/index.php?rest_route=%2Fwp%2Fv2%2Fmedia&parent=188775"}],"wp:term":[{"taxonomy":"category","embeddable":true,"href":"https:\/\/diarioregionaldigital.com.br\/index.php?rest_route=%2Fwp%2Fv2%2Fcategories&post=188775"},{"taxonomy":"post_tag","embeddable":true,"href":"https:\/\/diarioregionaldigital.com.br\/index.php?rest_route=%2Fwp%2Fv2%2Ftags&post=188775"}],"curies":[{"name":"wp","href":"https:\/\/api.w.org\/{rel}","templated":true}]}}