{"id":188760,"date":"2021-09-23T20:22:48","date_gmt":"2021-09-23T23:22:48","guid":{"rendered":"https:\/\/diarioregionaldigital.com.br\/?p=188760"},"modified":"2021-09-23T20:22:48","modified_gmt":"2021-09-23T23:22:48","slug":"prefeitura-se-integra-a-operacao-seguranca-cidada","status":"publish","type":"post","link":"https:\/\/diarioregionaldigital.com.br\/?p=188760","title":{"rendered":"Prefeitura se integra \u00e0 opera\u00e7\u00e3o Seguran\u00e7a Cidad\u00e3"},"content":{"rendered":"<div id=\"box_texto_noticia\">Foi lan\u00e7ada nesta quinta-feira, 23, na Pra\u00e7a do Riachuelo, no Centro, a Opera\u00e7\u00e3o Seguran\u00e7a Cidad\u00e3. Capitaneada pela Pol\u00edcia Militar de Minas Gerais, a opera\u00e7\u00e3o re\u00fane a Pol\u00edcia Civil, a Prefeitura de Juiz de Fora, atrav\u00e9s da Guarda Municipal, da Secretaria de Seguran\u00e7a Urbana e Cidadania (Sesuc) e da Secretaria de Assist\u00eancia Social (SAS), bem como tem o apoio do Santa Cruz Shopping. O objetivo da iniciativa \u00e9 estabelecer uma via de intera\u00e7\u00e3o com o espa\u00e7o p\u00fablico e com os frequentadores da Pra\u00e7a, levando oportunidade de cidadania \u00e0 popula\u00e7\u00e3o em situa\u00e7\u00e3o de rua, tornando o local um espa\u00e7o de movimenta\u00e7\u00e3o para toda a comunidade.<\/p>\n<p>Segundo informa\u00e7\u00f5es do site da Prefeitura de Juiz de Fora, durante o evento, realizado nesta manh\u00e3, a banda de m\u00fasica da Pol\u00edcia Militar apresentou can\u00e7\u00f5es ao p\u00fablico presente, atraindo a curiosidade de quem passava pela regi\u00e3o. Foram oferecidos servi\u00e7os de confec\u00e7\u00e3o de segunda via de documento de identidade, foto 3&#215;4, lanche e corte de cabelo gratuito, feito pelo sal\u00e3o Ailtom Paiva. Profissionais do setor de abordagem social e do Centro POP, da SAS tamb\u00e9m estiveram presentes, fazendo contato com pessoas em viv\u00eancia de rua para o encaminhamento \u00e0 rede de servi\u00e7os assistenciais do munic\u00edpio.<\/p>\n<p>A a\u00e7\u00e3o abre um novo canal de acesso para a popula\u00e7\u00e3o em situa\u00e7\u00e3o de rua alcan\u00e7ar perspectivas de recupera\u00e7\u00e3o de suas vidas em coletividade. O apoio para refazer documentos contou com disponibiliza\u00e7\u00e3o de corte de cabelo e retirada de foto gratuitamente. Servi\u00e7os que ajudam no processo de resgate da autoestima e na retomada da sua condi\u00e7\u00e3o de indiv\u00edduo e de cidad\u00e3o com direitos e deveres na estrutura da sociedade.<\/p>\n<p>Reunir em um s\u00f3 lugar servi\u00e7os que s\u00e3o feitos em etapas separadas para a emiss\u00e3o de segunda via de documentos foi a principal contribui\u00e7\u00e3o da a\u00e7\u00e3o, evitando a peregrina\u00e7\u00e3o entre o registrar ocorr\u00eancia de perda de documento, pegar encaminhamento no Centro POP, retirar foto 3&#215;4 e buscar o posto da Unidade de Atendimento Integrado (UAI) ou a C\u00e2mara Municipal para finalizar o procedimento.<\/p>\n<p>A Tenente da Pol\u00edcia Militar, Camila Fernandes, destacou a estrat\u00e9gia de acolhimento utilizada para os usu\u00e1rios do espa\u00e7o se sentirem \u00e0 vontade na aproxima\u00e7\u00e3o. \u201cUsamos o microfone o tempo todo para anunciar o corte de cabelo, o lanche, a foto para eles n\u00e3o se sentirem intimidados de procurar a Pol\u00edcia Militar para informa\u00e7\u00f5es. A gente tentou proporcionar um ambiente em que eles pudessem chegar, dar o relato deles e receber o aux\u00edlio devido\u201d, explicou.<\/p><\/div>\n<p>&nbsp;<\/p>\n<div id=\"box_compartilhar\" align=\"right\"><\/div>\n","protected":false},"excerpt":{"rendered":"<p>Foi lan\u00e7ada nesta quinta-feira, 23, na Pra\u00e7a do Riachuelo, no Centro, a Opera\u00e7\u00e3o Seguran\u00e7a Cidad\u00e3. Capitaneada pela Pol\u00edcia Militar de Minas Gerais, a opera\u00e7\u00e3o re\u00fane a Pol\u00edcia Civil, a Prefeitura de Juiz de Fora, atrav\u00e9s da Guarda Municipal, da Secretaria de Seguran\u00e7a Urbana e Cidadania (Sesuc) e da Secretaria de Assist\u00eancia Social (SAS), bem como [&hellip;]<\/p>\n","protected":false},"author":246,"featured_media":188761,"comment_status":"closed","ping_status":"closed","sticky":false,"template":"","format":"standard","meta":{"footnotes":""},"categories":[253,436],"tags":[],"class_list":["post-188760","post","type-post","status-publish","format-standard","has-post-thumbnail","hentry","category-cidade","category-destaque-da-semana"],"_links":{"self":[{"href":"https:\/\/diarioregionaldigital.com.br\/index.php?rest_route=\/wp\/v2\/posts\/188760","targetHints":{"allow":["GET"]}}],"collection":[{"href":"https:\/\/diarioregionaldigital.com.br\/index.php?rest_route=\/wp\/v2\/posts"}],"about":[{"href":"https:\/\/diarioregionaldigital.com.br\/index.php?rest_route=\/wp\/v2\/types\/post"}],"author":[{"embeddable":true,"href":"https:\/\/diarioregionaldigital.com.br\/index.php?rest_route=\/wp\/v2\/users\/246"}],"replies":[{"embeddable":true,"href":"https:\/\/diarioregionaldigital.com.br\/index.php?rest_route=%2Fwp%2Fv2%2Fcomments&post=188760"}],"version-history":[{"count":2,"href":"https:\/\/diarioregionaldigital.com.br\/index.php?rest_route=\/wp\/v2\/posts\/188760\/revisions"}],"predecessor-version":[{"id":188763,"href":"https:\/\/diarioregionaldigital.com.br\/index.php?rest_route=\/wp\/v2\/posts\/188760\/revisions\/188763"}],"wp:featuredmedia":[{"embeddable":true,"href":"https:\/\/diarioregionaldigital.com.br\/index.php?rest_route=\/wp\/v2\/media\/188761"}],"wp:attachment":[{"href":"https:\/\/diarioregionaldigital.com.br\/index.php?rest_route=%2Fwp%2Fv2%2Fmedia&parent=188760"}],"wp:term":[{"taxonomy":"category","embeddable":true,"href":"https:\/\/diarioregionaldigital.com.br\/index.php?rest_route=%2Fwp%2Fv2%2Fcategories&post=188760"},{"taxonomy":"post_tag","embeddable":true,"href":"https:\/\/diarioregionaldigital.com.br\/index.php?rest_route=%2Fwp%2Fv2%2Ftags&post=188760"}],"curies":[{"name":"wp","href":"https:\/\/api.w.org\/{rel}","templated":true}]}}