{"id":188756,"date":"2021-09-23T20:21:14","date_gmt":"2021-09-23T23:21:14","guid":{"rendered":"https:\/\/diarioregionaldigital.com.br\/?p=188756"},"modified":"2021-09-23T20:21:14","modified_gmt":"2021-09-23T23:21:14","slug":"cesama-remodela-redes-de-esgoto-nos-bairros-vila-ideal-e-quintas-da-avenida","status":"publish","type":"post","link":"https:\/\/diarioregionaldigital.com.br\/?p=188756","title":{"rendered":"Cesama remodela redes de esgoto nos bairros Vila Ideal e Quintas da Avenida"},"content":{"rendered":"<p>Segundo informa\u00e7\u00f5es do site da Prefeitura de Juiz de Fora, a Companhia de Saneamento Municipal (Cesama) da Prefeitura de Juiz de Fora continua com os trabalhos de remodela\u00e7\u00e3o de redes de esgoto em v\u00e1rios pontos da cidade nesta quinta-feira, 23. Uma equipe concentra esfor\u00e7os na Avenida Francisco Valadares, no Vila Ideal, onde est\u00e3o sendo implantados cerca de 160 metros de redes de esgoto. Para realiza\u00e7\u00e3o dos servi\u00e7os, o tr\u00e2nsito est\u00e1 sendo desviado, com a devida sinaliza\u00e7\u00e3o. A previs\u00e3o \u00e9 de que os trabalhos sejam conclu\u00eddos no final de setembro.<\/p>\n<p>J\u00e1 no bairro Quintas da Avenida, os trabalhos de remodela\u00e7\u00e3o est\u00e3o sendo feitos na Rua Francisco Delduca, ligando essa via at\u00e9 a Rua Sebasti\u00e3o L\u00e9lis Muniz. Cerca de 80 metros de novas redes de esgoto, de 150 mil\u00edmetros de di\u00e2metro, est\u00e3o sendo instalados no local, para melhorar o esgotamento sanit\u00e1rio da regi\u00e3o. A previs\u00e3o \u00e9 de que a obra seja finalizada no in\u00edcio de outubro.<\/p>\n<p>A Cesama realiza os trabalhos de remodela\u00e7\u00e3o de redes de esgoto durante todo o ano, de acordo com uma programa\u00e7\u00e3o de prioridades, em que \u00e9 avaliada a necessidade de substitui\u00e7\u00e3o. A avalia\u00e7\u00e3o leva em conta a antiguidade e o desgaste da rede, bem como seu dimensionamento para o n\u00famero de im\u00f3veis atendidos, al\u00e9m dos custos de manuten\u00e7\u00e3o. Para solicita\u00e7\u00e3o de vistoria no sistema de esgoto da cidade, o usu\u00e1rio pode fazer sua solicita\u00e7\u00e3o pelo teleatendimento da companhia, no telefone 115.<\/p>\n","protected":false},"excerpt":{"rendered":"<p>Segundo informa\u00e7\u00f5es do site da Prefeitura de Juiz de Fora, a Companhia de Saneamento Municipal (Cesama) da Prefeitura de Juiz de Fora continua com os trabalhos de remodela\u00e7\u00e3o de redes de esgoto em v\u00e1rios pontos da cidade nesta quinta-feira, 23. Uma equipe concentra esfor\u00e7os na Avenida Francisco Valadares, no Vila Ideal, onde est\u00e3o sendo implantados [&hellip;]<\/p>\n","protected":false},"author":246,"featured_media":188757,"comment_status":"closed","ping_status":"closed","sticky":false,"template":"","format":"standard","meta":{"footnotes":""},"categories":[253,436],"tags":[],"class_list":["post-188756","post","type-post","status-publish","format-standard","has-post-thumbnail","hentry","category-cidade","category-destaque-da-semana"],"_links":{"self":[{"href":"https:\/\/diarioregionaldigital.com.br\/index.php?rest_route=\/wp\/v2\/posts\/188756","targetHints":{"allow":["GET"]}}],"collection":[{"href":"https:\/\/diarioregionaldigital.com.br\/index.php?rest_route=\/wp\/v2\/posts"}],"about":[{"href":"https:\/\/diarioregionaldigital.com.br\/index.php?rest_route=\/wp\/v2\/types\/post"}],"author":[{"embeddable":true,"href":"https:\/\/diarioregionaldigital.com.br\/index.php?rest_route=\/wp\/v2\/users\/246"}],"replies":[{"embeddable":true,"href":"https:\/\/diarioregionaldigital.com.br\/index.php?rest_route=%2Fwp%2Fv2%2Fcomments&post=188756"}],"version-history":[{"count":2,"href":"https:\/\/diarioregionaldigital.com.br\/index.php?rest_route=\/wp\/v2\/posts\/188756\/revisions"}],"predecessor-version":[{"id":188759,"href":"https:\/\/diarioregionaldigital.com.br\/index.php?rest_route=\/wp\/v2\/posts\/188756\/revisions\/188759"}],"wp:featuredmedia":[{"embeddable":true,"href":"https:\/\/diarioregionaldigital.com.br\/index.php?rest_route=\/wp\/v2\/media\/188757"}],"wp:attachment":[{"href":"https:\/\/diarioregionaldigital.com.br\/index.php?rest_route=%2Fwp%2Fv2%2Fmedia&parent=188756"}],"wp:term":[{"taxonomy":"category","embeddable":true,"href":"https:\/\/diarioregionaldigital.com.br\/index.php?rest_route=%2Fwp%2Fv2%2Fcategories&post=188756"},{"taxonomy":"post_tag","embeddable":true,"href":"https:\/\/diarioregionaldigital.com.br\/index.php?rest_route=%2Fwp%2Fv2%2Ftags&post=188756"}],"curies":[{"name":"wp","href":"https:\/\/api.w.org\/{rel}","templated":true}]}}