{"id":188753,"date":"2021-09-23T20:19:13","date_gmt":"2021-09-23T23:19:13","guid":{"rendered":"https:\/\/diarioregionaldigital.com.br\/?p=188753"},"modified":"2021-09-23T20:19:13","modified_gmt":"2021-09-23T23:19:13","slug":"profissionais-da-educacao-retornam-as-atividades-presenciais-em-juiz-de-fora","status":"publish","type":"post","link":"https:\/\/diarioregionaldigital.com.br\/?p=188753","title":{"rendered":"Profissionais da educa\u00e7\u00e3o retornam \u00e0s atividades presenciais em Juiz de Fora"},"content":{"rendered":"<p>Nesta semana, o munic\u00edpio iniciou o retorno das aulas presenciais com a prepara\u00e7\u00e3o dos trabalhadores e trabalhadoras da educa\u00e7\u00e3o, al\u00e9m de encontros com familiares de alunos para orienta\u00e7\u00f5es sobre o retorno das atividades de ensino presenciais que ser\u00e3o de forma h\u00edbrida, facultativa e escalonada.<\/p>\n<p>Segundo informa\u00e7\u00f5es do site da Prefeitura de Juiz de Fora, de acordo com Juliana Larcher, diretora da Escola Municipal Ilva Mello Reis, que fica no bairro Marumbi, os trabalhos est\u00e3o acontecendo intensamente. \u201cN\u00f3s estamos trabalhando com o planejamento presencial, que \u00e9 um pouco diferenciado do trabalho remoto que est\u00e1vamos desenvolvendo desde o in\u00edcio da pandemia. Estamos planejando com a equipe da escola, com os professores, fazendo tamb\u00e9m os hor\u00e1rios, que v\u00e3o ter que ser distintos para todas as a\u00e7\u00f5es que v\u00e3o ocorrer na escola. A escola foi toda adaptada para o retorno, e a gente pode mostrar isso para as fam\u00edlias: o que foi pensado para cada espa\u00e7o\u201d.<\/p>\n<p>O calend\u00e1rio de retorno presencial foi definido pela Prefeitura de Juiz de Fora (PJF) em conson\u00e2ncia com o Conselho Municipal de Educa\u00e7\u00e3o e respeita todos os crit\u00e9rios t\u00e9cnicos e sanit\u00e1rios. O calend\u00e1rio faz parte de um acordo firmado com o Minist\u00e9rio P\u00fablico de Minas Gerais.<br \/>\nA Secretaria de Educa\u00e7\u00e3o organizou-se desde o in\u00edcio do ano para garantir um retorno seguro tanto para os profissionais da educa\u00e7\u00e3o, quanto para os alunos.<\/p>\n<p>De acordo com a gerente do Departamento de Educa\u00e7\u00e3o Infantil da SE, V\u00edviam Carvalho, \u201ca Secretaria de Educa\u00e7\u00e3o j\u00e1 tem se organizado no in\u00edcio do ano para essa retomada gradual das atividades presenciais nas institui\u00e7\u00f5es. Esse retorno foi planejado para acontecer de forma parcial para que as escolas pudessem receber cada etapa da educa\u00e7\u00e3o de forma mais tranquila, organizando isso junto \u00e0s fam\u00edlias, recebendo as crian\u00e7as com todo o acolhimento, cuidado e afetividade que elas merecem. A op\u00e7\u00e3o foi a retomada inicialmente da educa\u00e7\u00e3o infantil, que tem uma especificidade muito pr\u00f3pria e inclusive temos um documento orientador para a educa\u00e7\u00e3o infantil, e a base desse documento, al\u00e9m das condi\u00e7\u00f5es sanit\u00e1rias explicitadas nele, tem como princ\u00edpio a\u00e7\u00f5es de cuidado e educa\u00e7\u00e3o, que s\u00e3o indissoci\u00e1veis, e o trabalho pedag\u00f3gico que deve seguir o eixo estruturante do trabalho nessa etapa da educa\u00e7\u00e3o que s\u00e3o as intera\u00e7\u00f5es e as brincadeiras\u201d.<\/p>\n<p>As crian\u00e7as da educa\u00e7\u00e3o infantil retornam presencialmente a partir da pr\u00f3xima segunda-feira, dia 27, seguidos dos estudantes do ensino fundamental I e Educa\u00e7\u00e3o de Jovens e Adultos (EJA), no dia 4 de outubro. No dia 11 de outubro, \u00e9 vez do ensino fundamental II e ensino m\u00e9dio. O \u00faltimo grupo ser\u00e1 dos alunos do ensino superior, no dia 18 de outubro.<\/p>\n","protected":false},"excerpt":{"rendered":"<p>Nesta semana, o munic\u00edpio iniciou o retorno das aulas presenciais com a prepara\u00e7\u00e3o dos trabalhadores e trabalhadoras da educa\u00e7\u00e3o, al\u00e9m de encontros com familiares de alunos para orienta\u00e7\u00f5es sobre o retorno das atividades de ensino presenciais que ser\u00e3o de forma h\u00edbrida, facultativa e escalonada. Segundo informa\u00e7\u00f5es do site da Prefeitura de Juiz de Fora, de [&hellip;]<\/p>\n","protected":false},"author":246,"featured_media":188754,"comment_status":"closed","ping_status":"closed","sticky":false,"template":"","format":"standard","meta":{"footnotes":""},"categories":[253,436],"tags":[],"class_list":["post-188753","post","type-post","status-publish","format-standard","has-post-thumbnail","hentry","category-cidade","category-destaque-da-semana"],"_links":{"self":[{"href":"https:\/\/diarioregionaldigital.com.br\/index.php?rest_route=\/wp\/v2\/posts\/188753","targetHints":{"allow":["GET"]}}],"collection":[{"href":"https:\/\/diarioregionaldigital.com.br\/index.php?rest_route=\/wp\/v2\/posts"}],"about":[{"href":"https:\/\/diarioregionaldigital.com.br\/index.php?rest_route=\/wp\/v2\/types\/post"}],"author":[{"embeddable":true,"href":"https:\/\/diarioregionaldigital.com.br\/index.php?rest_route=\/wp\/v2\/users\/246"}],"replies":[{"embeddable":true,"href":"https:\/\/diarioregionaldigital.com.br\/index.php?rest_route=%2Fwp%2Fv2%2Fcomments&post=188753"}],"version-history":[{"count":1,"href":"https:\/\/diarioregionaldigital.com.br\/index.php?rest_route=\/wp\/v2\/posts\/188753\/revisions"}],"predecessor-version":[{"id":188755,"href":"https:\/\/diarioregionaldigital.com.br\/index.php?rest_route=\/wp\/v2\/posts\/188753\/revisions\/188755"}],"wp:featuredmedia":[{"embeddable":true,"href":"https:\/\/diarioregionaldigital.com.br\/index.php?rest_route=\/wp\/v2\/media\/188754"}],"wp:attachment":[{"href":"https:\/\/diarioregionaldigital.com.br\/index.php?rest_route=%2Fwp%2Fv2%2Fmedia&parent=188753"}],"wp:term":[{"taxonomy":"category","embeddable":true,"href":"https:\/\/diarioregionaldigital.com.br\/index.php?rest_route=%2Fwp%2Fv2%2Fcategories&post=188753"},{"taxonomy":"post_tag","embeddable":true,"href":"https:\/\/diarioregionaldigital.com.br\/index.php?rest_route=%2Fwp%2Fv2%2Ftags&post=188753"}],"curies":[{"name":"wp","href":"https:\/\/api.w.org\/{rel}","templated":true}]}}