{"id":188750,"date":"2021-09-23T20:16:03","date_gmt":"2021-09-23T23:16:03","guid":{"rendered":"https:\/\/diarioregionaldigital.com.br\/?p=188750"},"modified":"2021-09-23T20:16:03","modified_gmt":"2021-09-23T23:16:03","slug":"juiz-de-fora-dobra-postos-de-vacinacao-e-completa-todo-publico-alvo-nesta-sexta-feira-24","status":"publish","type":"post","link":"https:\/\/diarioregionaldigital.com.br\/?p=188750","title":{"rendered":"Juiz de Fora dobra postos de vacina\u00e7\u00e3o e completa todo p\u00fablico-alvo nesta sexta-feira, 24"},"content":{"rendered":"<p>A partir desta sexta-feira, 24, todos os adolescentes com 12 anos ou mais podem procurar um dos postos de imuniza\u00e7\u00e3o para receber a vacina contra a Covid-19 em Juiz de Fora. Nesta sexta, a Secretaria de Sa\u00fade (SS) da Prefeitura de Juiz de Fora (PJF) come\u00e7a a vacinar os jovens de 13 e 12 anos, atingindo todo o p\u00fablico-alvo estabelecido pelo Minist\u00e9rio da Sa\u00fade (MS) para receber as vacinas contra o coronav\u00edrus. Outro ponto \u00e9 a amplia\u00e7\u00e3o do n\u00famero de postos de vacina\u00e7\u00e3o que dobrou, passando de dez Unidades B\u00e1sicas de Sa\u00fade (UBSs) para 20.<\/p>\n<p>Segundo informa\u00e7\u00f5es do site da Prefeitura de Juiz de Fora, tamb\u00e9m segue a aplica\u00e7\u00e3o de primeiras doses destinadas \u00e0s pessoas de 12 anos ou mais que, por qualquer motivo, n\u00e3o tenham buscado a vacina anteriormente, uma vez que a vacina\u00e7\u00e3o \u00e9 cont\u00ednua. A campanha de imuniza\u00e7\u00e3o disponibiliza tamb\u00e9m segundas doses e doses de refor\u00e7o.<\/p>\n<p>Ao longo desta sexta-feira, 24, todos os jovens de 12 anos ou mais podem receber a primeira dose contra o coronav\u00edrus no Sport Club JF, das 8h \u00e0s 16h; no Sesc Juiz de Fora, das 14h \u00e0s 20h; e nas 20 UBSs dos bairros Nossa Senhora de Lourdes, Bandeirantes, Benfica, Milho Branco, Nossa Senhora Aparecida, Santa Cec\u00edlia, Santa Luzia, S\u00e3o Pedro, Progresso, Alto Graja\u00fa, Monte Castelo, Santo Antonio, Teixeiras, Nova Era, Santos Dumont, Furtado de Menezes, Granjas Beth\u00e2nia, Dom Bosco, Marumbi e Vila Ideal, das 8h \u00e0s 11h e das 13h \u00e0s 16h.<\/p>\n<p><b>Vacina\u00e7\u00e3o cont\u00ednua<\/b><\/p>\n<p>Com o p\u00fablico-alvo inicial de pessoas com 18 anos ou mais atingido no fim de agosto e com a vacina\u00e7\u00e3o dos adolescentes de 13 e 12 anos realizada, a cidade segue oferecendo as primeiras doses para todas as pessoas de 12 anos ou mais que por qualquer motivo n\u00e3o tenham buscado a vacina anteriormente. As pessoas a partir de 12 anos que estejam com a primeira dose atrasada podem ir ao Sesc, das 14h \u00e0s 20h, ou em uma das 20 UBSs, das 8h \u00e0s 11h e das 13h \u00e0s 16h, para receberem a dose inicial contra o coronav\u00edrus.<\/p>\n<p><b>Segundas doses<\/b><\/p>\n<p><b>AstraZeneca &#8211;<\/b>\u00a0Todos aqueles que deveriam ter tomado a segunda dose da AstraZeneca nos dias 15 e 16 de setembro ou em data anterior podem procurar qualquer um dos postos de imuniza\u00e7\u00e3o nesta sexta.<\/p>\n<p><b>Coronavac &#8211;<\/b>\u00a0A aplica\u00e7\u00e3o de D2 do imunizante Coronavac segue a data descrita no cart\u00e3o de vacina. Nesta sexta-feira, recebem a segunda dose todos aqueles com retorno marcado no cart\u00e3o para o dia 24 ou data anterior, no Sesc, das 14h \u00e0s 20h, e nas 20 UBSs, das 8h \u00e0s 11h e das 13h \u00e0s 16h.<\/p>\n<p><b>Pfizer &#8211;<\/b>\u00a0Quem recebeu a primeira dose da Pfizer at\u00e9 o dia 24 de julho pode procurar um dos postos de imuniza\u00e7\u00e3o para receber a segunda. Isso ocorre devido \u00e0 mudan\u00e7a no aprazamento (o intervalo entre uma dose e outra), definido pelo Minist\u00e9rio da Sa\u00fade (MS), de 12 para oito semanas. O Sport, das 8h \u00e0s 16h, o Sesc, das 14h \u00e0s 20h, e as 20 UBSs de refer\u00eancia, das 8h \u00e0s 11h e das 13h \u00e0s 16h, disponibilizam a D2 deste imunizante.<\/p>\n<p><b>Doses de refor\u00e7o<\/b><\/p>\n<p>As doses de refor\u00e7o, destinadas aos idosos de 70 anos ou mais que receberam a segunda dose contra a Covid-19 h\u00e1 pelo menos seis meses, s\u00e3o aplicadas no Departamento de Sa\u00fade do Idoso (DSI), das 8h \u00e0s 11h e das 13h \u00e0s 16h, e nas 20 UBSs refer\u00eancia, das 8h \u00e0s 11h e das 13h \u00e0s 16h. Os\u00a0<b>imunossuprimidos<\/b>\u00a0, que receberam a segunda dose h\u00e1 pelo menos 28 dias, tamb\u00e9m podem receber a dose de refor\u00e7o. Este p\u00fablico pode ser vacinado no Sesc, das 14h \u00e0s 20h, e nas 20 UBSs, das 8h \u00e0s 11h e das 13h \u00e0s 16h.<\/p>\n<p><b>Demais adolescentes<\/b><\/p>\n<p>Os adolescentes com comorbidade ou defici\u00eancia permanente de 12 anos ou mais s\u00e3o vacinados no Sport, das 8h \u00e0s 16, Sesc das 14h \u00e0s 20h, e em 20 UBSs, das 8h \u00e0s 11h e das 13h \u00e0s 16h. A partir desta sexta, 24, todos os adolescentes de 12 anos ou mais j\u00e1 poder\u00e3o ser vacinados, independente de terem ou n\u00e3o comorbidades. J\u00e1 as gr\u00e1vidas e pu\u00e9rperas de 12 a 17 anos seguem recebendo a dose inicial no no Departamento de Sa\u00fade da Mulher, Gestante, Crian\u00e7a e Adolescente (DSMGCA), das 8h \u00e0s 16h, e nas 20 UBSs, das 8h \u00e0s 11h e das 13h \u00e0s 16h.<\/p>\n<p><b>Documenta\u00e7\u00e3o necess\u00e1ria<\/b><\/p>\n<p>A Secretaria de Sa\u00fade pede para as\u00a0<b>pessoas que v\u00e3o receber a primeira dose<\/b>\u00a0apresentarem originais e c\u00f3pias de documento de identifica\u00e7\u00e3o com foto &#8211; como documento de identidade (RG) ou carteira de motorista, e o CPF, caso o n\u00famero do mesmo n\u00e3o conste na identidade, al\u00e9m do comprovante de resid\u00eancia, que ficar\u00e1 retido no local de vacina\u00e7\u00e3o. Caso o comprovante de resid\u00eancia n\u00e3o esteja no nome de quem vai ser vacinado, \u00e9 necess\u00e1rio apresentar c\u00f3pia do comprovante, do documento de identidade da pessoa que tem o nome no comprovante de resid\u00eancia e, ainda, a declara\u00e7\u00e3o de resid\u00eancia, dispon\u00edvel no site da PJF.<\/p>\n<p>No caso das\u00a0<b>segundas doses de trabalhadores da educa\u00e7\u00e3o<\/b>, deve ser apresentado o cart\u00e3o de vacina comprovando o recebimento da dose inicial, um documento de identifica\u00e7\u00e3o com foto, CPF e o comprovante de v\u00ednculo com uma creche, escola ou faculdade de Juiz de Fora, como o contracheque, carteira assinada, declara\u00e7\u00e3o da escola ou outro documento, podendo este ser o mesmo apresentado no recebimento da primeira dose.<\/p>\n<p>As\u00a0<b>demais pessoas que v\u00e3o receber a D2 ou os idosos que v\u00e3o receber a dose de refor\u00e7o<\/b>\u00a0precisam apresentar apenas o cart\u00e3o de vacina e um documento de identifica\u00e7\u00e3o com foto, enquanto os imunossuprimidos, al\u00e9m destes documentos, para receber a dose de refor\u00e7o devem apresentar um laudo ou atestado m\u00e9dico datado de, no m\u00e1ximo, 12 meses, comprovando a condi\u00e7\u00e3o. Este p\u00fablico pode receber a dose de refor\u00e7o a partir de 28 dias ap\u00f3s a segunda dose.<\/p>\n<p>As gr\u00e1vidas de 12 a 17 anos precisam levar o cart\u00e3o do pr\u00e9-natal, e as pu\u00e9rperas desta mesma faixa et\u00e1ria, um documento que comprove o parto nos \u00faltimos 45 dias, como certid\u00e3o de nascimento do beb\u00ea ou registro de alta hospitalar p\u00f3s-parto. Tantos as gr\u00e1vidas quantos as pu\u00e9rperas precisam apresentar, ainda, originais e c\u00f3pias de um documento de identifica\u00e7\u00e3o com foto, como documento de identidade (RG), al\u00e9m de comprovante de resid\u00eancia.<\/p>\n<p><b>Fique atento<\/b><\/p>\n<p>Quem se vacinou contra Influenza e tem direito de se vacinar tamb\u00e9m contra a Covid-19 deve esperar pelo menos 15 dias entre o momento que recebeu a dose do imunizante contra a gripe para poder ser vacinado contra a Covid-19. Para quem foi diagnosticado com Covid-19, \u00e9 recomendado ao menos 30 dias de espera entre o come\u00e7o dos sintomas ou teste positivo (no caso dos assintom\u00e1ticos) para receber a vacina.<\/p>\n<p><b>Confira o calend\u00e1rio desta sexta-feira, dia 24<\/b><\/p>\n<p><b>Todos os adolescentes com 12 anos ou mais<\/b><br \/>\nSesc, das 14h \u00e0s 20h, em 20 UBSs, das 8h \u00e0s 11h e das 13h \u00e0s 16h.<\/p>\n<p><b>Gr\u00e1vidas ou pu\u00e9rperas de 12 a 17 anos<\/b><br \/>\nDepartamento de Sa\u00fade da Mulher, Gestante, Crian\u00e7a e Adolescente (DSMGCA), das 8h \u00e0s 16h, e em 20 UBSs, das 8h \u00e0s 11h e das 13h \u00e0s 16h.<\/p>\n<p><b>Vacina\u00e7\u00e3o de refor\u00e7o para idosos com 70 anos ou mais que receberam a segunda dose h\u00e1 pelo menos seis meses<\/b><br \/>\nDepartamento de Sa\u00fade do Idoso (DSI), das 8h \u00e0s 11h e das 13h \u00e0s 16h, e nas 20 UBS, tamb\u00e9m das 8h \u00e0s 11h e das 13h \u00e0s 16h.<\/p>\n<p><b>Vacina\u00e7\u00e3o de refor\u00e7o para imunossuprimidos que receberam a segunda dose h\u00e1 pelo menos 28 dias<\/b><br \/>\nNo Sesc, das 14h \u00e0s 20h, e em 20 UBSs refer\u00eancia, das 8h \u00e0s 11h e das 13h \u00e0s 14h.<\/p>\n<p><b>Segunda dose dos trabalhadores da educa\u00e7\u00e3o com 18 anos ou mais<\/b><br \/>\nNo Sport Club, das 8h \u00e0s 16h.<\/p>\n<p><b>Segundas doses de AstraZeneca para pessoas que deveriam receber a vacina at\u00e9 o dia 16 de setembro<\/b><br \/>\nNo Sesc, das 14h \u00e0s 20h, Sport, das 8h \u00e0s 16h, e em 20 UBSs refer\u00eancia, das 8h \u00e0s 11h e das 13h \u00e0s 14h.<\/p>\n<p><b>Segundas doses de Coronavac para pessoas com retorno no cart\u00e3o no dia 24 de setembro ou data anterior<\/b><br \/>\nNo Sesc, das 14h \u00e0s 20h, Sport, das 8h \u00e0s 16h, e em 20 UBSs refer\u00eancia, das 8h \u00e0s 11h e das 13h \u00e0s 14h.<\/p>\n<p><b>Segundas doses de Pfizer para todos que receberam a primeira dose at\u00e9 24 de julho<\/b><br \/>\nNo Sesc, das 14h \u00e0s 20h, Sport, das 8h \u00e0s 16h, e em 20 UBSs refer\u00eancia, das 8h \u00e0s 11h e das 13h \u00e0s 14h.<\/p>\n<p><b>Endere\u00e7os dos locais de vacina\u00e7\u00e3o<\/b><\/p>\n<p>Departamento de Sa\u00fade da Mulher, Gestante, Crian\u00e7a e Adolescente (DSMGCA)<br \/>\nRua S\u00e3o Sebasti\u00e3o, 772, Centro<\/p>\n<p>Departamento de Sa\u00fade do Idoso (DSI)<br \/>\nRua Batista de Oliveira, 943, Granbery<\/p>\n<p>Sesc Juiz de Fora<br \/>\nRua Oswaldo Aranha, 109, Centro<\/p>\n<p>Sport Club Juiz de Fora<br \/>\nAvenida Bar\u00e3o do Rio Branco, 1.303, Centro (entrada pela avenida Brasil)<\/p>\n<p><b>20 UBSs:<\/b><\/p>\n<p>UBS Bairro Nossa Senhora de Lourdes, Rua In\u00e1cio Gama, 813;<br \/>\nUBS Benfica, Rua Guararapes, 106;<br \/>\nUBS Nossa Senhora Aparecida, Rua Nossa Senhora Aparecida, 775;<br \/>\nUBS Santa Luzia, Rua Torre\u00f5es, s\/n\u00ba<br \/>\nUBS S\u00e3o Pedro, Rua Jo\u00e3o Louren\u00e7o Kelmer, 1.433;<br \/>\nUBS Vila Ideal, Avenida Francisco Valadares, 1.910<br \/>\nUBS Milho Branco, Rua Nicolau Schuery, s\/n\u00ba<br \/>\nUBS Progresso, Rua Jorge Knopp, n\u00ba 119<br \/>\nUBS Santa Cec\u00edlia, Rua Gabriel Rodrigues, n\u00ba 900<br \/>\nUBS Bandeirantes, Rua Laurindo Nocelli, n\u00ba 100<br \/>\nUBS Alto Graja\u00fa; Rua Doutor Leonel Jaguaribe, n\u00ba 178<br \/>\nUBS Monte Castelo; Rua Oswaldo Mascaranhas s\/n\u00ba<br \/>\nUBS Santo Ant\u00f4nio; Rua Pedro Trogo, n\u00ba 385<br \/>\nUBS Teixeiras; Rua Cust\u00f3dio Furtado de Souza, s\/n\u00ba<br \/>\nUBS Nova Era; Rua Guilhermino J\u00fanior, n\u00ba 85<br \/>\nUBS Santos Dumont; Rua \u00c1lvaro Jos\u00e9 Rodrigues, n\u00ba 25<br \/>\nUBS Furtado de Menezes; Rua Furtado de Menezes, n\u00ba 19<br \/>\nUBS Granjas Beth\u00e2nia; Rua 9 de Julho, n\u00ba 294<br \/>\nUBS Dom Bosco; Rua Jo\u00e3o Manata, n\u00ba 93<br \/>\nUBS Marumbi, Rua Bar\u00e3o do Retiro, n\u00ba 1462<\/p>\n","protected":false},"excerpt":{"rendered":"<p>A partir desta sexta-feira, 24, todos os adolescentes com 12 anos ou mais podem procurar um dos postos de imuniza\u00e7\u00e3o para receber a vacina contra a Covid-19 em Juiz de Fora. Nesta sexta, a Secretaria de Sa\u00fade (SS) da Prefeitura de Juiz de Fora (PJF) come\u00e7a a vacinar os jovens de 13 e 12 anos, [&hellip;]<\/p>\n","protected":false},"author":246,"featured_media":188751,"comment_status":"closed","ping_status":"closed","sticky":false,"template":"","format":"standard","meta":{"footnotes":""},"categories":[253,440],"tags":[],"class_list":["post-188750","post","type-post","status-publish","format-standard","has-post-thumbnail","hentry","category-cidade","category-destaques-do-dia"],"_links":{"self":[{"href":"https:\/\/diarioregionaldigital.com.br\/index.php?rest_route=\/wp\/v2\/posts\/188750","targetHints":{"allow":["GET"]}}],"collection":[{"href":"https:\/\/diarioregionaldigital.com.br\/index.php?rest_route=\/wp\/v2\/posts"}],"about":[{"href":"https:\/\/diarioregionaldigital.com.br\/index.php?rest_route=\/wp\/v2\/types\/post"}],"author":[{"embeddable":true,"href":"https:\/\/diarioregionaldigital.com.br\/index.php?rest_route=\/wp\/v2\/users\/246"}],"replies":[{"embeddable":true,"href":"https:\/\/diarioregionaldigital.com.br\/index.php?rest_route=%2Fwp%2Fv2%2Fcomments&post=188750"}],"version-history":[{"count":1,"href":"https:\/\/diarioregionaldigital.com.br\/index.php?rest_route=\/wp\/v2\/posts\/188750\/revisions"}],"predecessor-version":[{"id":188752,"href":"https:\/\/diarioregionaldigital.com.br\/index.php?rest_route=\/wp\/v2\/posts\/188750\/revisions\/188752"}],"wp:featuredmedia":[{"embeddable":true,"href":"https:\/\/diarioregionaldigital.com.br\/index.php?rest_route=\/wp\/v2\/media\/188751"}],"wp:attachment":[{"href":"https:\/\/diarioregionaldigital.com.br\/index.php?rest_route=%2Fwp%2Fv2%2Fmedia&parent=188750"}],"wp:term":[{"taxonomy":"category","embeddable":true,"href":"https:\/\/diarioregionaldigital.com.br\/index.php?rest_route=%2Fwp%2Fv2%2Fcategories&post=188750"},{"taxonomy":"post_tag","embeddable":true,"href":"https:\/\/diarioregionaldigital.com.br\/index.php?rest_route=%2Fwp%2Fv2%2Ftags&post=188750"}],"curies":[{"name":"wp","href":"https:\/\/api.w.org\/{rel}","templated":true}]}}