{"id":188742,"date":"2021-09-23T19:53:23","date_gmt":"2021-09-23T22:53:23","guid":{"rendered":"https:\/\/diarioregionaldigital.com.br\/?p=188742"},"modified":"2021-09-23T19:53:23","modified_gmt":"2021-09-23T22:53:23","slug":"goalball-brasileiros-embarcam-para-disputa-de-torneio-em-portugal","status":"publish","type":"post","link":"https:\/\/diarioregionaldigital.com.br\/?p=188742","title":{"rendered":"Goalball: brasileiros embarcam para disputa de torneio em Portugal"},"content":{"rendered":"<p>Tr\u00eas atletas e um membro da comiss\u00e3o t\u00e9cnica das sele\u00e7\u00f5es de goalball do Brasil seguem neste s\u00e1bado (25) rumo a Lisboa (Portugal) com um objetivo bem espec\u00edfico, participar da Superliga da Europa.<img decoding=\"async\" src=\"https:\/\/agenciabrasil.ebc.com.br\/ebc.png?id=1422483&amp;o=node\" \/><img decoding=\"async\" src=\"https:\/\/agenciabrasil.ebc.com.br\/ebc.gif?id=1422483&amp;o=node\" \/><\/p>\n<p>O torneio come\u00e7a no dia 29, em Odivelas, na regi\u00e3o metropolitana da capital portuguesa.<\/p>\n<p>Os brasileiros em a\u00e7\u00e3o na Europa ser\u00e3o Leomon Moreno, Rom\u00e1rio e Carol Duarte. Eles atuar\u00e3o no Sporting. Ao lado deles estar\u00e1 o analista de desempenho da sele\u00e7\u00e3o masculina, Altemir Trapp, que atuar\u00e1 nos dois naipes do time portugu\u00eas.<\/p>\n<p>\u201c\u00c9 uma experi\u00eancia enriquecedora para n\u00f3s. Atletas de nacionalidades diferentes, idiomas muito distintos, mas que se comunicam pela linguagem \u00fanica do goalball\u201d, declarou Altemir \u00e0 assessoria da Confedera\u00e7\u00e3o Brasileira de Desportos para Deficientes Visuais (CBDV). No conjunto feminino, Trapp trabalhar\u00e1 com uma brasileira, uma norte-americana, uma israelense e uma grega, al\u00e9m das portuguesas.<\/p>\n<p>O caminho verde e amarelo em Portugal foi aberto por Leomon Moreno h\u00e1 tr\u00eas anos. O jogador j\u00e1 conquistou duas vezes o Europeu, nas temporadas 2018 e 2019. \u201cL\u00e1 em Portugal, as modalidades acabam sendo niveladas em termos de reconhecimento. Por exemplo, ando pelas ruas de Lisboa e as pessoas reconhecem que sou um atleta do Sporting, que estive em tal jogo, j\u00e1 fui artilheiro. Isso mostra como eles valorizam\u201d, afirma o jogador de 28 anos.<\/p>\n<p>Na temporada 2019, o torneio feminino foi inclu\u00eddo na competi\u00e7\u00e3o e o clube portugu\u00eas faturou a ta\u00e7a logo na estreia com a ajuda das brasileiras Carol Duarte e Gaby. Para esse ano, apenas a primeira estar\u00e1 novamente em Lisboa.<\/p>\n<p>\u201cTraz muita experi\u00eancia poder competir com outras meninas. E, dentro da equipe, tem atletas com outras filosofias de jogo, de treinamento. Ent\u00e3o, s\u00e3o trocas de aprendizado dentro de quadra. Eu amo jogar goalball, independentemente de onde seja\u201d, diz Carol Duarte, quarta colocada com o Brasil na Paralimp\u00edada de T\u00f3quio.<\/p>\n<p><span style=\"font-weight: 400;\">Fonte: Ag\u00eancia Brasil <\/span><\/p>\n","protected":false},"excerpt":{"rendered":"<p>Tr\u00eas atletas e um membro da comiss\u00e3o t\u00e9cnica das sele\u00e7\u00f5es de goalball do Brasil seguem neste s\u00e1bado (25) rumo a Lisboa (Portugal) com um objetivo bem espec\u00edfico, participar da Superliga da Europa. O torneio come\u00e7a no dia 29, em Odivelas, na regi\u00e3o metropolitana da capital portuguesa. Os brasileiros em a\u00e7\u00e3o na Europa ser\u00e3o Leomon Moreno, [&hellip;]<\/p>\n","protected":false},"author":246,"featured_media":188743,"comment_status":"closed","ping_status":"closed","sticky":false,"template":"","format":"standard","meta":{"footnotes":""},"categories":[436,257],"tags":[],"class_list":["post-188742","post","type-post","status-publish","format-standard","has-post-thumbnail","hentry","category-destaque-da-semana","category-esporte"],"_links":{"self":[{"href":"https:\/\/diarioregionaldigital.com.br\/index.php?rest_route=\/wp\/v2\/posts\/188742","targetHints":{"allow":["GET"]}}],"collection":[{"href":"https:\/\/diarioregionaldigital.com.br\/index.php?rest_route=\/wp\/v2\/posts"}],"about":[{"href":"https:\/\/diarioregionaldigital.com.br\/index.php?rest_route=\/wp\/v2\/types\/post"}],"author":[{"embeddable":true,"href":"https:\/\/diarioregionaldigital.com.br\/index.php?rest_route=\/wp\/v2\/users\/246"}],"replies":[{"embeddable":true,"href":"https:\/\/diarioregionaldigital.com.br\/index.php?rest_route=%2Fwp%2Fv2%2Fcomments&post=188742"}],"version-history":[{"count":2,"href":"https:\/\/diarioregionaldigital.com.br\/index.php?rest_route=\/wp\/v2\/posts\/188742\/revisions"}],"predecessor-version":[{"id":188745,"href":"https:\/\/diarioregionaldigital.com.br\/index.php?rest_route=\/wp\/v2\/posts\/188742\/revisions\/188745"}],"wp:featuredmedia":[{"embeddable":true,"href":"https:\/\/diarioregionaldigital.com.br\/index.php?rest_route=\/wp\/v2\/media\/188743"}],"wp:attachment":[{"href":"https:\/\/diarioregionaldigital.com.br\/index.php?rest_route=%2Fwp%2Fv2%2Fmedia&parent=188742"}],"wp:term":[{"taxonomy":"category","embeddable":true,"href":"https:\/\/diarioregionaldigital.com.br\/index.php?rest_route=%2Fwp%2Fv2%2Fcategories&post=188742"},{"taxonomy":"post_tag","embeddable":true,"href":"https:\/\/diarioregionaldigital.com.br\/index.php?rest_route=%2Fwp%2Fv2%2Ftags&post=188742"}],"curies":[{"name":"wp","href":"https:\/\/api.w.org\/{rel}","templated":true}]}}