{"id":188739,"date":"2021-09-23T19:50:54","date_gmt":"2021-09-23T22:50:54","guid":{"rendered":"https:\/\/diarioregionaldigital.com.br\/?p=188739"},"modified":"2021-09-23T19:50:54","modified_gmt":"2021-09-23T22:50:54","slug":"tenis-laura-pigossi-decide-titulo-de-duplas-na-espanha","status":"publish","type":"post","link":"https:\/\/diarioregionaldigital.com.br\/?p=188739","title":{"rendered":"T\u00eanis: Laura Pigossi decide t\u00edtulo de duplas na Espanha"},"content":{"rendered":"<p>A paulistana Laura Pigossi, medalhista de bronze na Olimp\u00edada de T\u00f3quio (Jap\u00e3o), decide o torneio de duplas femininas de Val\u00eancia (Espanha) na pr\u00f3xima sexta-feira (24) a partir das 15h (hor\u00e1rio de Bras\u00edlia). A advers\u00e1ria na final ser\u00e1 a dupla cabe\u00e7a de chave n\u00famero dois da competi\u00e7\u00e3o, formada pela espanhola Aliona Bolsova e pela venezuelana Andrea Gamiz.<img decoding=\"async\" src=\"https:\/\/agenciabrasil.ebc.com.br\/ebc.png?id=1422488&amp;o=node\" \/><img decoding=\"async\" src=\"https:\/\/agenciabrasil.ebc.com.br\/ebc.gif?id=1422488&amp;o=node\" \/><\/p>\n<p>A conquista da vaga na final veio com a vit\u00f3ria da brasileira, que joga com a georgiana Ekaterina Gorgodze, sobre a dupla formada pela espanhola Yvonne Cavalle e pela chilena Daniela Seguel por 2 sets a 0 (6\/4 6\/3) nesta quinta-feira (23).<\/p>\n<p>\u201cConseguimos fazer nosso melhor jogo, em condi\u00e7\u00f5es muito dif\u00edceis, com muito vento, quadra pesada, chovendo um pouco, mas nos impusemos o jogo inteiro. Fomos bem s\u00f3lidas. Quem estava na rede foi bem ativa, cruzando bem, nos mantivemos agressivas e com a iniciativa, o que fez a diferen\u00e7a\u201d, declarou Laura atrav\u00e9s de sua assessoria de imprensa.<\/p>\n<p>A brasileira, que vem de t\u00edtulo no ITF de Medellin (Col\u00f4mbia), vai em busca do 38\u00ba t\u00edtulo nas duplas e o maior da carreira no circuito feminino. A competi\u00e7\u00e3o, que tem premia\u00e7\u00e3o de US$ 80 mil, \u00e9 disputada em piso de saibro e d\u00e1 115 pontos para as campe\u00e3s no ranking da WTA.<\/p>\n<p><span style=\"font-weight: 400;\">Fonte: Ag\u00eancia Brasil <\/span><\/p>\n","protected":false},"excerpt":{"rendered":"<p>A paulistana Laura Pigossi, medalhista de bronze na Olimp\u00edada de T\u00f3quio (Jap\u00e3o), decide o torneio de duplas femininas de Val\u00eancia (Espanha) na pr\u00f3xima sexta-feira (24) a partir das 15h (hor\u00e1rio de Bras\u00edlia). A advers\u00e1ria na final ser\u00e1 a dupla cabe\u00e7a de chave n\u00famero dois da competi\u00e7\u00e3o, formada pela espanhola Aliona Bolsova e pela venezuelana Andrea [&hellip;]<\/p>\n","protected":false},"author":246,"featured_media":188740,"comment_status":"closed","ping_status":"closed","sticky":false,"template":"","format":"standard","meta":{"footnotes":""},"categories":[436,257],"tags":[],"class_list":["post-188739","post","type-post","status-publish","format-standard","has-post-thumbnail","hentry","category-destaque-da-semana","category-esporte"],"_links":{"self":[{"href":"https:\/\/diarioregionaldigital.com.br\/index.php?rest_route=\/wp\/v2\/posts\/188739","targetHints":{"allow":["GET"]}}],"collection":[{"href":"https:\/\/diarioregionaldigital.com.br\/index.php?rest_route=\/wp\/v2\/posts"}],"about":[{"href":"https:\/\/diarioregionaldigital.com.br\/index.php?rest_route=\/wp\/v2\/types\/post"}],"author":[{"embeddable":true,"href":"https:\/\/diarioregionaldigital.com.br\/index.php?rest_route=\/wp\/v2\/users\/246"}],"replies":[{"embeddable":true,"href":"https:\/\/diarioregionaldigital.com.br\/index.php?rest_route=%2Fwp%2Fv2%2Fcomments&post=188739"}],"version-history":[{"count":1,"href":"https:\/\/diarioregionaldigital.com.br\/index.php?rest_route=\/wp\/v2\/posts\/188739\/revisions"}],"predecessor-version":[{"id":188741,"href":"https:\/\/diarioregionaldigital.com.br\/index.php?rest_route=\/wp\/v2\/posts\/188739\/revisions\/188741"}],"wp:featuredmedia":[{"embeddable":true,"href":"https:\/\/diarioregionaldigital.com.br\/index.php?rest_route=\/wp\/v2\/media\/188740"}],"wp:attachment":[{"href":"https:\/\/diarioregionaldigital.com.br\/index.php?rest_route=%2Fwp%2Fv2%2Fmedia&parent=188739"}],"wp:term":[{"taxonomy":"category","embeddable":true,"href":"https:\/\/diarioregionaldigital.com.br\/index.php?rest_route=%2Fwp%2Fv2%2Fcategories&post=188739"},{"taxonomy":"post_tag","embeddable":true,"href":"https:\/\/diarioregionaldigital.com.br\/index.php?rest_route=%2Fwp%2Fv2%2Ftags&post=188739"}],"curies":[{"name":"wp","href":"https:\/\/api.w.org\/{rel}","templated":true}]}}