{"id":188736,"date":"2021-09-23T19:48:35","date_gmt":"2021-09-23T22:48:35","guid":{"rendered":"https:\/\/diarioregionaldigital.com.br\/?p=188736"},"modified":"2021-09-23T19:48:35","modified_gmt":"2021-09-23T22:48:35","slug":"libertadores-bruno-henrique-brilha-e-flamengo-encaminha-vaga-a-final","status":"publish","type":"post","link":"https:\/\/diarioregionaldigital.com.br\/?p=188736","title":{"rendered":"Libertadores: Bruno Henrique brilha e Flamengo encaminha vaga \u00e0 final"},"content":{"rendered":"<p>O Flamengo deu um passo importante \u00e0 final da Libertadores. Nesta quarta-feira (22), o Rubro-Negro recebeu o Barcelona de Guayaquil (Equador) no Maracan\u00e3, no Rio de Janeiro, por 2 a 0, no jogo de ida do confronto pelas semifinais da competi\u00e7\u00e3o.<img decoding=\"async\" src=\"https:\/\/agenciabrasil.ebc.com.br\/ebc.png?id=1422412&amp;o=node\" \/><img decoding=\"async\" src=\"https:\/\/agenciabrasil.ebc.com.br\/ebc.gif?id=1422412&amp;o=node\" \/><\/p>\n<p>O resultado d\u00e1 ao time carioca a vantagem de avan\u00e7ar de fase mesmo se perder por um gol de diferen\u00e7a na partida de volta, na pr\u00f3xima quarta-feira (29), no Monumental de Barcelona, em Guayaquil (Equador). Se balan\u00e7ar as redes fora de casa, o clube brasileiro pode se classificar at\u00e9 se for derrotado por dois gols de saldo. O vencedor do confronto pega quem passar entre Palmeiras e Atl\u00e9tico-MG, que empataram por 1 a 1 no duelo de ida, no Allianz Parque, em S\u00e3o Paulo.<\/p>\n<p>A partida marcou a estreia de David Luiz pelo Flamengo. O zagueiro de 34 anos, rec\u00e9m-contratado pelo clube, n\u00e3o entrava em campo h\u00e1 143 dias. A \u00faltima partida dele havia sido em 2 de maio, quando ainda defendia o Arsenal, na vit\u00f3ria por 2 a 0 sobre o Newcastle United, pelo Campeonato Ingl\u00eas.<\/p>\n<p>Apesar do torcedor rubro-negro ter podido acompanhar,\u00a0<em>in loco<\/em>, a vit\u00f3ria por 2 a 0 sobre o Gr\u00eamio, h\u00e1 uma semana, pelas quartas de final da Copa do Brasil, o duelo desta quarta-feira marcou, para valer, o reencontro dos flamenguistas com o time no Maracan\u00e3. Se na \u00faltima quarta-feira (15), em meio \u00e0s incertezas sobre a libera\u00e7\u00e3o ou n\u00e3o de p\u00fablico, somente 6.446 espectadores compareceram ao est\u00e1dio, desta vez foram 23.083 torcedores presentes nas arquibancadas (22.193 pagantes). A renda foi de R$ 4,063 milh\u00f5es.<\/p>\n<p>O p\u00fablico, no entanto, sofreu nos primeiros instantes de bola rolando. N\u00e3o fosse Diego Alves, os equatorianos teriam inaugurado o placar aos seis minutos. Primeiro, o goleiro defendeu uma tentativa do atacante Gonzalo Mastriani, dentro da \u00e1rea. O meia Adonis Preciado aproveitou a sobra, mas parou novamente no camisa 1, que brilhou novamente aos dez minutos, salvando uma finaliza\u00e7\u00e3o cruzada do lateral Byron Castillo, pela direita.<\/p>\n<p>Os sustos acordaram o Flamengo, que ficou no quase aos 15 minutos, em chute da entrada da \u00e1rea do meia Everton Ribeiro, que o goleiro Javier Burrai defendeu, mesmo ap\u00f3s a bola desviar na marca\u00e7\u00e3o. Cinco minutos depois o Rubro-Negro balan\u00e7ou as redes. Gabriel cruzou pela direita e o tamb\u00e9m atacante Bruno Henrique, de cabe\u00e7a, abriu o placar. A parceria quase funcionou de novo aos 33, desta vez com Gabriel aparecendo pela esquerda e Bruno Henrique cabeceando no travess\u00e3o.<\/p>\n<p>Tr\u00eas minutos depois, o poste superior salvou novamente o Barcelona, em arremate do meia Andreas Pereira, da intermedi\u00e1ria. No lance seguinte, o Flamengo chegou ao segundo gol, outra vez com Bruno Henrique. Em jogada que tamb\u00e9m envolveu Everton Ribeiro e Gabriel, o camisa 27 recebeu cruzamento pela direita do atacante Vitinho e concluiu para as redes. Nos acr\u00e9scimos, para melhorar a situa\u00e7\u00e3o do Rubro-Negro, o meia Nixon Molina levou o segundo amarelo ap\u00f3s falta em Bruno Henrique e foi expulso.<\/p>\n<p>Mesmo com um a menos, os equatorianos tentaram surpreender no in\u00edcio do segundo tempo. No primeiro minuto, ap\u00f3s cobran\u00e7a de escanteio, o volante Michael Carcel\u00e9n teve a chance na \u00e1rea, mas Diego Alves fez outra grande interven\u00e7\u00e3o. Na sequ\u00eancia, o lateral Mauricio Isla cruzou pela direita, Vitinho cabeceou e obrigou Burrai a salvar com os p\u00e9s, no reflexo.<\/p>\n<p>O Flamengo diminuiu o ritmo ao longo da etapa complementar, mas manteve o jogo sob controle. Nos minutos finais, L\u00e9o Pereira, que substituiu David Luiz, recebeu o cart\u00e3o vermelho direto ao atingir o queixo do tamb\u00e9m zagueiro Fernando Le\u00f3n. A expuls\u00e3o deixou as duas equipes com dez em campo e animou o Barcelona, que tentou pressionar nos acr\u00e9scimos, sem \u00eaxito.<\/p>\n<p>Antes de reencontrar o Barcelona, o Flamengo tem compromisso pelo Campeonato Brasileiro. No pr\u00f3ximo domingo (26), \u00e0s 11h (hor\u00e1rio de Bras\u00edlia), o Rubro-Negro encara o Am\u00e9rica-MG no Independ\u00eancia, em Belo Horizonte, pela 22\u00aa rodada da competi\u00e7\u00e3o. Atual bicampe\u00e3o, o time carioca est\u00e1 na terceira posi\u00e7\u00e3o do torneio nacional, mas com tr\u00eas jogos a menos que a maioria das equipes.<\/p>\n<p><span style=\"font-weight: 400;\">Fonte: Ag\u00eancia Brasil<\/span><\/p>\n","protected":false},"excerpt":{"rendered":"<p>O Flamengo deu um passo importante \u00e0 final da Libertadores. Nesta quarta-feira (22), o Rubro-Negro recebeu o Barcelona de Guayaquil (Equador) no Maracan\u00e3, no Rio de Janeiro, por 2 a 0, no jogo de ida do confronto pelas semifinais da competi\u00e7\u00e3o. O resultado d\u00e1 ao time carioca a vantagem de avan\u00e7ar de fase mesmo se [&hellip;]<\/p>\n","protected":false},"author":246,"featured_media":188737,"comment_status":"closed","ping_status":"closed","sticky":false,"template":"","format":"standard","meta":{"footnotes":""},"categories":[440,257],"tags":[],"class_list":["post-188736","post","type-post","status-publish","format-standard","has-post-thumbnail","hentry","category-destaques-do-dia","category-esporte"],"_links":{"self":[{"href":"https:\/\/diarioregionaldigital.com.br\/index.php?rest_route=\/wp\/v2\/posts\/188736","targetHints":{"allow":["GET"]}}],"collection":[{"href":"https:\/\/diarioregionaldigital.com.br\/index.php?rest_route=\/wp\/v2\/posts"}],"about":[{"href":"https:\/\/diarioregionaldigital.com.br\/index.php?rest_route=\/wp\/v2\/types\/post"}],"author":[{"embeddable":true,"href":"https:\/\/diarioregionaldigital.com.br\/index.php?rest_route=\/wp\/v2\/users\/246"}],"replies":[{"embeddable":true,"href":"https:\/\/diarioregionaldigital.com.br\/index.php?rest_route=%2Fwp%2Fv2%2Fcomments&post=188736"}],"version-history":[{"count":1,"href":"https:\/\/diarioregionaldigital.com.br\/index.php?rest_route=\/wp\/v2\/posts\/188736\/revisions"}],"predecessor-version":[{"id":188738,"href":"https:\/\/diarioregionaldigital.com.br\/index.php?rest_route=\/wp\/v2\/posts\/188736\/revisions\/188738"}],"wp:featuredmedia":[{"embeddable":true,"href":"https:\/\/diarioregionaldigital.com.br\/index.php?rest_route=\/wp\/v2\/media\/188737"}],"wp:attachment":[{"href":"https:\/\/diarioregionaldigital.com.br\/index.php?rest_route=%2Fwp%2Fv2%2Fmedia&parent=188736"}],"wp:term":[{"taxonomy":"category","embeddable":true,"href":"https:\/\/diarioregionaldigital.com.br\/index.php?rest_route=%2Fwp%2Fv2%2Fcategories&post=188736"},{"taxonomy":"post_tag","embeddable":true,"href":"https:\/\/diarioregionaldigital.com.br\/index.php?rest_route=%2Fwp%2Fv2%2Ftags&post=188736"}],"curies":[{"name":"wp","href":"https:\/\/api.w.org\/{rel}","templated":true}]}}