{"id":188733,"date":"2021-09-23T19:42:38","date_gmt":"2021-09-23T22:42:38","guid":{"rendered":"https:\/\/diarioregionaldigital.com.br\/?p=188733"},"modified":"2021-09-23T19:44:06","modified_gmt":"2021-09-23T22:44:06","slug":"estado-fortalece-politicas-publicas-de-protecao-a-animais-domesticos","status":"publish","type":"post","link":"https:\/\/diarioregionaldigital.com.br\/?p=188733","title":{"rendered":"Estado fortalece pol\u00edticas p\u00fablicas de prote\u00e7\u00e3o a animais dom\u00e9sticos"},"content":{"rendered":"<p>A semana de comemora\u00e7\u00f5es do Dia de Defesa da Fauna (22\/9) \u00e9 marcada em Minas pela reorganiza\u00e7\u00e3o da\u00a0<a href=\"http:\/\/www.meioambiente.mg.gov.br\/\" target=\"_blank\" rel=\"noopener\">Secretaria de Estado de Meio Ambiente e Desenvolvimento Sustent\u00e1vel (Semad)<\/a>\u00a0para fortalecer e potencializar a gest\u00e3o da fauna dom\u00e9stica. Assumida pela Semad em 2019, a partir da reforma administrativa, a compet\u00eancia para o desempenho desse trabalho deixa agora a Subsecretaria de Fiscaliza\u00e7\u00e3o Ambiental (Sufis) e vira uma atribui\u00e7\u00e3o da \u00a0Subsecretaria de Gest\u00e3o Ambiental e Saneamento (Suges).<\/p>\n<p>A altera\u00e7\u00e3o visa ao fomento de pol\u00edticas p\u00fablicas e ao apoio t\u00e9cnico aos munic\u00edpios nas a\u00e7\u00f5es adotadas em prote\u00e7\u00e3o aos animais dom\u00e9sticos, conforme apresentado na Lei Estadual 21.970\/2017. A secret\u00e1ria de Estado de Meio Ambiente e Desenvolvimento Sustent\u00e1vel, Mar\u00edlia Melo, destaca que \u00e9 crescente a demanda para implementa\u00e7\u00e3o de pol\u00edticas relativas \u00e0 prote\u00e7\u00e3o dos animais. Ela ressalta que o objetivo da Semad ser\u00e1 fazer com que as demandas sejam priorizadas.<\/p>\n<p>\u201cPara isso, atuamos em conjunto com a<a href=\"https:\/\/www.policiamilitar.mg.gov.br\/\" target=\"_blank\" rel=\"noopener\">\u00a0Pol\u00edcia Militar<\/a>\u00a0de Meio Ambiente e a\u00a0<a href=\"https:\/\/www.mg.gov.br\/instituicao_unidade\/policia-civil-do-estado-de-minas-gerais-pcmg\" target=\"_blank\" rel=\"noopener\">Pol\u00edcia Civil<\/a>, al\u00e9m de contar com o apoio do Minist\u00e9rio P\u00fablico. \u00c9 fundamental discutir as pol\u00edticas p\u00fablicas relacionadas \u00e0 fauna dom\u00e9stica com todos os atores envolvidos, al\u00e9m do poder p\u00fablico, tamb\u00e9m a sociedade civil organizada, escolas e universidades, gestores municipais e popula\u00e7\u00e3o em geral, de forma que as a\u00e7\u00f5es de prote\u00e7\u00e3o aos animais tenham efetividade na prote\u00e7\u00e3o e no bem-estar da fauna dom\u00e9stica\u201d, afirma.<\/p>\n<p><strong>A\u00e7\u00f5es<\/strong><\/p>\n<p>Neste sentido, o Estado vem atuando na cria\u00e7\u00e3o de diretrizes para a tutela dos animais dom\u00e9sticos, al\u00e9m de promover articula\u00e7\u00e3o com outros \u00f3rg\u00e3os de governo e entidades de prote\u00e7\u00e3o animal e protetores. Para implementa\u00e7\u00e3o dessas a\u00e7\u00f5es, a Semad tem como ponto principal de partida as a\u00e7\u00f5es de manejo \u00e9tico populacional de c\u00e3es e gatos, acompanhadas de campanhas de educa\u00e7\u00e3o ambiental humanit\u00e1ria, com foco na promo\u00e7\u00e3o da sa\u00fade e do bem-estar animal e tamb\u00e9m na preven\u00e7\u00e3o e combate aos maus-tratos, segundo o subsecret\u00e1rio de Gest\u00e3o Ambiental e Saneamento, Rodrigo Franco.<\/p>\n<p>\u201cA Semad vem atuando diretamente com o objetivo de promover a\u00e7\u00f5es imediatas e significativas na gest\u00e3o da fauna dom\u00e9stica como, por exemplo, a inclus\u00e3o de camadas na Infraestrutura de Dados \u2013 IDE-Sisema com informa\u00e7\u00f5es referente aos munic\u00edpios com conv\u00eanios assinados para manejo \u00e9tico populacional, n\u00famero de animais castrados por munic\u00edpio por meio de conv\u00eanio, estimativa de vacina\u00e7\u00e3o antirr\u00e1bica canina e felina para 2021 e a estimativa de vacina\u00e7\u00e3o antirr\u00e1bica total para 2021\u201d, destaca.<\/p>\n<p>Rodrigo Franco ainda destaca a implanta\u00e7\u00e3o de um banco de dados para auxiliar n\u00e3o s\u00f3 o poder p\u00fablico nas a\u00e7\u00f5es desempenhadas, mas tamb\u00e9m a sociedade civil e toda a popula\u00e7\u00e3o para atua\u00e7\u00e3o em prol da defesa dos direitos e bem-estar dos animais dom\u00e9sticos. \u201cA secretaria possui diversos conv\u00eanios com os munic\u00edpios mineiros e parcerias com entidades de prote\u00e7\u00e3o animal, visando o manejo \u00e9tico populacional por meio da castra\u00e7\u00e3o de c\u00e3es e gatos, microchipagem dos animais e tamb\u00e9m a\u00e7\u00f5es de educa\u00e7\u00e3o ambiental com foco na guarda respons\u00e1vel e promo\u00e7\u00e3o da sa\u00fade da fauna dom\u00e9stica\u201d, acrescenta o subsecret\u00e1rio.<\/p>\n<p>Outra medida adotada \u00e9 o apoio na aquisi\u00e7\u00e3o de suprimentos e equipamentos destinados \u00e0s a\u00e7\u00f5es voltadas para o bem-estar animal e tamb\u00e9m na aquisi\u00e7\u00e3o de ve\u00edculos de suporte para a realiza\u00e7\u00e3o de atividades em prol da fauna dom\u00e9stica.<\/p>\n<p><strong>Maus-tratos<\/strong><\/p>\n<p>A pr\u00e1tica de maus-tratos contra animais dom\u00e9sticos, e de qualquer esp\u00e9cie, \u00e9 crime previsto na Constitui\u00e7\u00e3o Federal. Em setembro de 2020, o governo federal sancionou a Lei 1.095\/2019, que aumenta a puni\u00e7\u00e3o para quem praticar ato de abuso, maus-tratos, ferir ou mutilar animais. A legisla\u00e7\u00e3o abrange animais silvestres, dom\u00e9sticos ou domesticados, nativos ou ex\u00f3ticos, incluindo, c\u00e3es e gatos, que acabam sendo os animais dom\u00e9sticos mais comuns e as principais v\u00edtimas desse tipo de crime.<\/p>\n<p>Agora, como define o texto, a pr\u00e1tica de abuso e maus-tratos a animais ser\u00e1 punida com pena de reclus\u00e3o de dois a cinco anos, al\u00e9m de multa e proibi\u00e7\u00e3o de guarda. O crime de maus-tratos a animais tamb\u00e9m consta no artigo 32 da Lei de Crimes Ambientais 9.605\/98 e a pena prevista \u00e9 de tr\u00eas meses a um ano de reclus\u00e3o, al\u00e9m de multa. Para as situa\u00e7\u00f5es que a popula\u00e7\u00e3o se depare com o crime de maus-tratos, ela pode denunciar nos canais Disque Den\u00fancia: 181; e Portal Ligminas:155, relatando a situa\u00e7\u00e3o ocorrida.<\/p>\n<p><span style=\"font-weight: 400;\">Fonte: Ag\u00eancia Minas<\/span><\/p>\n","protected":false},"excerpt":{"rendered":"<p>A semana de comemora\u00e7\u00f5es do Dia de Defesa da Fauna (22\/9) \u00e9 marcada em Minas pela reorganiza\u00e7\u00e3o da\u00a0Secretaria de Estado de Meio Ambiente e Desenvolvimento Sustent\u00e1vel (Semad)\u00a0para fortalecer e potencializar a gest\u00e3o da fauna dom\u00e9stica. Assumida pela Semad em 2019, a partir da reforma administrativa, a compet\u00eancia para o desempenho desse trabalho deixa agora a [&hellip;]<\/p>\n","protected":false},"author":246,"featured_media":188734,"comment_status":"closed","ping_status":"closed","sticky":false,"template":"","format":"standard","meta":{"footnotes":""},"categories":[436,254,252],"tags":[],"class_list":["post-188733","post","type-post","status-publish","format-standard","has-post-thumbnail","hentry","category-destaque-da-semana","category-politica","category-regiao"],"_links":{"self":[{"href":"https:\/\/diarioregionaldigital.com.br\/index.php?rest_route=\/wp\/v2\/posts\/188733","targetHints":{"allow":["GET"]}}],"collection":[{"href":"https:\/\/diarioregionaldigital.com.br\/index.php?rest_route=\/wp\/v2\/posts"}],"about":[{"href":"https:\/\/diarioregionaldigital.com.br\/index.php?rest_route=\/wp\/v2\/types\/post"}],"author":[{"embeddable":true,"href":"https:\/\/diarioregionaldigital.com.br\/index.php?rest_route=\/wp\/v2\/users\/246"}],"replies":[{"embeddable":true,"href":"https:\/\/diarioregionaldigital.com.br\/index.php?rest_route=%2Fwp%2Fv2%2Fcomments&post=188733"}],"version-history":[{"count":1,"href":"https:\/\/diarioregionaldigital.com.br\/index.php?rest_route=\/wp\/v2\/posts\/188733\/revisions"}],"predecessor-version":[{"id":188735,"href":"https:\/\/diarioregionaldigital.com.br\/index.php?rest_route=\/wp\/v2\/posts\/188733\/revisions\/188735"}],"wp:featuredmedia":[{"embeddable":true,"href":"https:\/\/diarioregionaldigital.com.br\/index.php?rest_route=\/wp\/v2\/media\/188734"}],"wp:attachment":[{"href":"https:\/\/diarioregionaldigital.com.br\/index.php?rest_route=%2Fwp%2Fv2%2Fmedia&parent=188733"}],"wp:term":[{"taxonomy":"category","embeddable":true,"href":"https:\/\/diarioregionaldigital.com.br\/index.php?rest_route=%2Fwp%2Fv2%2Fcategories&post=188733"},{"taxonomy":"post_tag","embeddable":true,"href":"https:\/\/diarioregionaldigital.com.br\/index.php?rest_route=%2Fwp%2Fv2%2Ftags&post=188733"}],"curies":[{"name":"wp","href":"https:\/\/api.w.org\/{rel}","templated":true}]}}