{"id":188727,"date":"2021-09-23T19:40:27","date_gmt":"2021-09-23T22:40:27","guid":{"rendered":"https:\/\/diarioregionaldigital.com.br\/?p=188727"},"modified":"2021-09-23T19:44:13","modified_gmt":"2021-09-23T22:44:13","slug":"romeu-zema-entrega-titulos-de-propriedade-rural-e-se-encontra-com-prefeitos-em-divino-das-laranjeiras","status":"publish","type":"post","link":"https:\/\/diarioregionaldigital.com.br\/?p=188727","title":{"rendered":"Romeu Zema entrega t\u00edtulos de propriedade rural e se encontra com prefeitos em Divino das Laranjeiras"},"content":{"rendered":"<p>O governador Romeu Zema participou de um evento de entrega de t\u00edtulos de propriedades rurais, nesta quinta-feira (23\/9), na cidade de Divino das Laranjeiras, no Vale do Rio Doce. Ainda na cidade, o chefe do Executivo estadual se reuniu com prefeitos que comp\u00f5em a Associa\u00e7\u00e3o dos Munic\u00edpios da Microrregi\u00e3o do Leste de Minas (Assoleste). Participaram tamb\u00e9m vereadores e lideran\u00e7as pol\u00edticas da regi\u00e3o.<\/p>\n<div class=\"clear \">\n<p>A entrega dos 37 t\u00edtulos de regulariza\u00e7\u00e3o fundi\u00e1ria foi feita simbolicamente ao produtor Adilson Ramos de Oliveira, da cidade de Mendes Pimentel, tamb\u00e9m no Vale do Rio Doce, que representou os demais contemplados. Ao todo, os t\u00edtulos beneficiar\u00e3o cerca de 185 pessoas na regi\u00e3o. Por conta das medidas de preven\u00e7\u00e3o \u00e0 covid-19, ser\u00e1 feito o agendamento para que os demais posseiros possam receber os seus t\u00edtulos individualmente.<\/p>\n<p>O governador ressaltou a a\u00e7\u00e3o que impacta positivamente na economia da regi\u00e3o e destacou que o governo tem se empenhado na entrega dos t\u00edtulos, que possibilita o acesso dos produtores rurais \u00e0s pol\u00edticas p\u00fablicas como o cr\u00e9dito rural, gerando oportunidades para o crescimento da produ\u00e7\u00e3o e a gera\u00e7\u00e3o de emprego e renda no campo.<\/p>\n<p>\u201cConversei com o Adilson e ele me disse que aguarda a regulariza\u00e7\u00e3o h\u00e1 53 anos, mas o pai dele tamb\u00e9m j\u00e1 aguardava antes. Ent\u00e3o, esse tempo deve ser ainda maior, suponho. Estamos dando dignidade para todos, pois, agora, com a escritura, ele n\u00e3o vai ter medo de fazer uma reforma ou pedir um empr\u00e9stimo. Vai poder fazer coisas que antes n\u00e3o poderia. Ent\u00e3o, temos que trabalhar para fortalecer esses programas. E digo aos prefeitos que contem comigo, pois nosso governo est\u00e1 empenhado para encontrar solu\u00e7\u00f5es e resolver os problemas\u201d, destacou o governador.<\/p>\n<p><strong>Superando metas<\/strong><\/p>\n<p>A regulariza\u00e7\u00e3o fundi\u00e1ria tamb\u00e9m \u00e9 um importante instrumento para a solu\u00e7\u00e3o de conflitos sociais e a garantia do direito \u00e0 terra, al\u00e9m da melhoria da qualidade de vida de agricultores familiares, na medida em que promove a cidadania no campo. O processo \u00e9 uma demanda hist\u00f3rica da sociedade e um compromisso que tem sido cumprido pelo\u00a0<a href=\"http:\/\/www.mg.gov.br\/\" target=\"_blank\" rel=\"noopener\">Governo de Minas<\/a>.<\/p>\n<p>Em 2021, a meta do Estado para a entrega de t\u00edtulos de dom\u00ednio foi ampliada em 50%, passando de 1.000 para 1.500 t\u00edtulos a serem entregues neste ano.<\/p>\n<p>Desde 2019 at\u00e9 o fim de 2021, a previs\u00e3o \u00e9 que o Governo de Minas conclua a entrega de mais de 3.300 t\u00edtulos de regulariza\u00e7\u00e3o fundi\u00e1ria rural. Em 2019, foram titulados mais de 1.010 agricultores e, no ano passado, diante da pandemia que suspendeu grande parte das a\u00e7\u00f5es do programa, o Estado ainda entregou 796 t\u00edtulos.<\/p>\n<p>Tamb\u00e9m participaram da solenidade\u00a0o deputado federal Herc\u00edlio Coelho Diniz e a deputada estadual\u00a0Celise Laviola.<\/p>\n<p><strong>Encontro com prefeitos<\/strong><\/p>\n<p>Em Divino das Laranjeiras, o governador tamb\u00e9m se reuniu com lideran\u00e7as pol\u00edticas da regi\u00e3o, dentre elas o prefeito do munic\u00edpio, Romilson Alves, conhecido como Kinka Alves. Ele foi eleito neste ano presidente da Assoleste.<\/p>\n<p>Alves e a associa\u00e7\u00e3o defendem a inclus\u00e3o de 84 munic\u00edpios de Minas e do Esp\u00edrito Santo na \u00e1rea de abrang\u00eancia da Superintend\u00eancia do Desenvolvimento do Nordeste (Sudene), que disp\u00f5e de recursos do Fundo de Desenvolvimento do Nordeste (FDNE) e do Fundo Constitucional de Financiamento do Nordeste (FNE) para projetos de desenvolvimento regional. A proposta foi vetada pelo presidente Jair Bolsonaro. De acordo com Kinka, a inclus\u00e3o possibilitaria o acesso de munic\u00edpios do Rio Doce a recursos de fundos de desenvolvimento, a linhas de cr\u00e9dito especiais e a incentivos fiscais.<\/p>\n<p>O governador destacou os investimentos que o Estado tem realizado na regi\u00e3o, como a constru\u00e7\u00e3o de subesta\u00e7\u00f5es de energia, atra\u00e7\u00e3o de empresas e gera\u00e7\u00e3o de emprego.<\/p>\n<p>\u201cCom essa eletrifica\u00e7\u00e3o da regi\u00e3o e obras de infraestrutura em todo o estado, vamos passar a ter condi\u00e7\u00f5es, como nunca tivemos, de ser um estado plenamente competitivo na gera\u00e7\u00e3o de emprego e renda. Se todo mineiro tiver um emprego, tenho certeza que todos os prefeitos ser\u00e3o bem avaliados e todos os cidad\u00e3os estar\u00e3o satisfeitos\u201d, finalizou Zema.<\/p>\n<p><span style=\"font-weight: 400;\">Fonte: Ag\u00eancia Minas<\/span><\/p>\n<\/div>\n<p>&nbsp;<\/p>\n","protected":false},"excerpt":{"rendered":"<p>O governador Romeu Zema participou de um evento de entrega de t\u00edtulos de propriedades rurais, nesta quinta-feira (23\/9), na cidade de Divino das Laranjeiras, no Vale do Rio Doce. Ainda na cidade, o chefe do Executivo estadual se reuniu com prefeitos que comp\u00f5em a Associa\u00e7\u00e3o dos Munic\u00edpios da Microrregi\u00e3o do Leste de Minas (Assoleste). Participaram [&hellip;]<\/p>\n","protected":false},"author":246,"featured_media":188728,"comment_status":"closed","ping_status":"closed","sticky":false,"template":"","format":"standard","meta":{"footnotes":""},"categories":[436,254,252],"tags":[],"class_list":["post-188727","post","type-post","status-publish","format-standard","has-post-thumbnail","hentry","category-destaque-da-semana","category-politica","category-regiao"],"_links":{"self":[{"href":"https:\/\/diarioregionaldigital.com.br\/index.php?rest_route=\/wp\/v2\/posts\/188727","targetHints":{"allow":["GET"]}}],"collection":[{"href":"https:\/\/diarioregionaldigital.com.br\/index.php?rest_route=\/wp\/v2\/posts"}],"about":[{"href":"https:\/\/diarioregionaldigital.com.br\/index.php?rest_route=\/wp\/v2\/types\/post"}],"author":[{"embeddable":true,"href":"https:\/\/diarioregionaldigital.com.br\/index.php?rest_route=\/wp\/v2\/users\/246"}],"replies":[{"embeddable":true,"href":"https:\/\/diarioregionaldigital.com.br\/index.php?rest_route=%2Fwp%2Fv2%2Fcomments&post=188727"}],"version-history":[{"count":3,"href":"https:\/\/diarioregionaldigital.com.br\/index.php?rest_route=\/wp\/v2\/posts\/188727\/revisions"}],"predecessor-version":[{"id":188732,"href":"https:\/\/diarioregionaldigital.com.br\/index.php?rest_route=\/wp\/v2\/posts\/188727\/revisions\/188732"}],"wp:featuredmedia":[{"embeddable":true,"href":"https:\/\/diarioregionaldigital.com.br\/index.php?rest_route=\/wp\/v2\/media\/188728"}],"wp:attachment":[{"href":"https:\/\/diarioregionaldigital.com.br\/index.php?rest_route=%2Fwp%2Fv2%2Fmedia&parent=188727"}],"wp:term":[{"taxonomy":"category","embeddable":true,"href":"https:\/\/diarioregionaldigital.com.br\/index.php?rest_route=%2Fwp%2Fv2%2Fcategories&post=188727"},{"taxonomy":"post_tag","embeddable":true,"href":"https:\/\/diarioregionaldigital.com.br\/index.php?rest_route=%2Fwp%2Fv2%2Ftags&post=188727"}],"curies":[{"name":"wp","href":"https:\/\/api.w.org\/{rel}","templated":true}]}}