{"id":188723,"date":"2021-09-23T19:37:39","date_gmt":"2021-09-23T22:37:39","guid":{"rendered":"https:\/\/diarioregionaldigital.com.br\/?p=188723"},"modified":"2021-09-23T19:44:20","modified_gmt":"2021-09-23T22:44:20","slug":"mais-de-47-dos-mineiros-acima-de-18-anos-ja-completaram-o-esquema-vacinal","status":"publish","type":"post","link":"https:\/\/diarioregionaldigital.com.br\/?p=188723","title":{"rendered":"Mais de 47% dos mineiros acima de 18 anos j\u00e1 completaram o esquema vacinal"},"content":{"rendered":"<p>Mais de 47% da popula\u00e7\u00e3o mineira acima de 18 anos de idade j\u00e1 completaram o esquema de vacina\u00e7\u00e3o contra o coronav\u00edrus. Em rela\u00e7\u00e3o \u00e0 primeira dose (D1), o percentual de imuniza\u00e7\u00e3o atingiu 93% entre os adultos no estado.<\/p>\n<p>Em entrevista coletiva nesta quinta-feira (23\/9) o secret\u00e1rio de\u00a0<a href=\"http:\/\/www.saude.mg.gov.br\/\" target=\"_blank\" rel=\"noopener\">Sa\u00fade<\/a>, o m\u00e9dico F\u00e1bio Baccheretti, destacou o avan\u00e7o da imuniza\u00e7\u00e3o em Minas Gerais. Segundo ele, quase todas as doses necess\u00e1rias para aplica\u00e7\u00e3o em adultos foram distribu\u00eddas aos munic\u00edpios.<\/p>\n<p>\u201cBatemos a marca de 23 milh\u00f5es de doses aplicadas. Paralelamente, percebemos uma queda semana a semana nos pedidos de interna\u00e7\u00f5es pela doen\u00e7a. Isso mostra a efic\u00e1cia das vacinas contra covid\u201d, disse.<\/p>\n<p><strong>Dose de refor\u00e7o e vacina\u00e7\u00e3o de adolescentes<\/strong><\/p>\n<p>At\u00e9 o m\u00eas de outubro, a vacina\u00e7\u00e3o de adolescentes com a primeira dose e o refor\u00e7o em idosos deve ser finalizado. A previs\u00e3o pode ser feita por conta da conclus\u00e3o da distribui\u00e7\u00e3o dos imunizantes \u00e0s cidades.<\/p>\n<p>\u201cA vacina \u00e9 segura e deve ser dada nesses p\u00fablicos. O risco \u00e9 muito pequeno, e a doen\u00e7a continua sendo muito mais grave que qualquer efeito colateral&#8221;, explicou Baccheretti.<\/p>\n<p><a href=\"https:\/\/coronavirus.saude.mg.gov.br\/vacinometro\" target=\"_blank\" rel=\"noopener\">Clique aqui<\/a>\u00a0para visualizar\u00a0como est\u00e1 o Vacin\u00f4metro em MG.<\/p>\n<p><main class=\"clear margin-md-bottom-3\"><\/p>\n<div class=\"clear \">\n<p>Ainda durante a apresenta\u00e7\u00e3o para a imprensa, Baccheretti informou a atualiza\u00e7\u00e3o do Minas Consciente. Por decis\u00e3o do Comit\u00ea Extraordin\u00e1rio Covid-19, grupo que acompanha de perto a situa\u00e7\u00e3o da pandemia no estado, todas as 14 macrorregi\u00f5es de sa\u00fade seguem na onda verde, a mais flex\u00edvel do plano de retomada segura e gradual das atividades econ\u00f4micas.<\/p>\n<p>Os indicadores que medem a doen\u00e7a est\u00e3o em n\u00edveis seguros. Por isso, \u00e9 poss\u00edvel manter, pela terceira semana seguida, todo o territ\u00f3rio mineiro nessa etapa.<\/p>\n<p>A taxa de incid\u00eancia da doen\u00e7a caiu 14% nos \u00faltimos sete dias. As solicita\u00e7\u00f5es de interna\u00e7\u00f5es tiveram queda de 34,6% em quatro semanas.<\/p>\n<p>\u201cTodas as regi\u00f5es mant\u00eam a tend\u00eancia de controle da pandemia. A rede de assist\u00eancia n\u00e3o est\u00e1 sobrecarregada, o que confirma essa melhora cont\u00ednua. Apenas as macrorregi\u00f5es Noroeste e Leste v\u00e3o demandar uma aten\u00e7\u00e3o maior, para que seja verificado um poss\u00edvel aumento de casos em fun\u00e7\u00e3o da variante Delta\u2019\u2019, destacou o secret\u00e1rio.<\/p>\n<p><strong>Variantes<\/strong><\/p>\n<p>Sobre a circula\u00e7\u00e3o das variantes, o monitoramento da SES-MG apresentado revelou que, hoje, 56,8% s\u00e3o da Delta e 43,2% da Gama. Foram feitas 4.146 an\u00e1lises. O recolhimento das amostras ocorreu em 477 munic\u00edpios.<\/p>\n<p>\u201cAs amostras gen\u00f4micas das variantes Delta e Gama apontam que a diferen\u00e7a entre elas est\u00e1 cada vez menor. Mas isso n\u00e3o est\u00e1 modificando o cen\u00e1rio assistencial no Estado. Importante frisar que ainda \u00e9 preciso manter todos os cuidados, como higiene das m\u00e3os e uso de m\u00e1scara. \u00c9 preciso usar a m\u00e1scara sempre\u201d, concluiu o chefe da Sa\u00fade estadual.<\/p>\n<p><span style=\"font-weight: 400;\">Fonte: Ag\u00eancia Minas<\/span><\/p>\n<\/div>\n<p><\/main><\/p>\n","protected":false},"excerpt":{"rendered":"<p>Mais de 47% da popula\u00e7\u00e3o mineira acima de 18 anos de idade j\u00e1 completaram o esquema de vacina\u00e7\u00e3o contra o coronav\u00edrus. Em rela\u00e7\u00e3o \u00e0 primeira dose (D1), o percentual de imuniza\u00e7\u00e3o atingiu 93% entre os adultos no estado. Em entrevista coletiva nesta quinta-feira (23\/9) o secret\u00e1rio de\u00a0Sa\u00fade, o m\u00e9dico F\u00e1bio Baccheretti, destacou o avan\u00e7o da [&hellip;]<\/p>\n","protected":false},"author":246,"featured_media":188724,"comment_status":"closed","ping_status":"closed","sticky":false,"template":"","format":"standard","meta":{"footnotes":""},"categories":[436,254,252],"tags":[],"class_list":["post-188723","post","type-post","status-publish","format-standard","has-post-thumbnail","hentry","category-destaque-da-semana","category-politica","category-regiao"],"_links":{"self":[{"href":"https:\/\/diarioregionaldigital.com.br\/index.php?rest_route=\/wp\/v2\/posts\/188723","targetHints":{"allow":["GET"]}}],"collection":[{"href":"https:\/\/diarioregionaldigital.com.br\/index.php?rest_route=\/wp\/v2\/posts"}],"about":[{"href":"https:\/\/diarioregionaldigital.com.br\/index.php?rest_route=\/wp\/v2\/types\/post"}],"author":[{"embeddable":true,"href":"https:\/\/diarioregionaldigital.com.br\/index.php?rest_route=\/wp\/v2\/users\/246"}],"replies":[{"embeddable":true,"href":"https:\/\/diarioregionaldigital.com.br\/index.php?rest_route=%2Fwp%2Fv2%2Fcomments&post=188723"}],"version-history":[{"count":2,"href":"https:\/\/diarioregionaldigital.com.br\/index.php?rest_route=\/wp\/v2\/posts\/188723\/revisions"}],"predecessor-version":[{"id":188726,"href":"https:\/\/diarioregionaldigital.com.br\/index.php?rest_route=\/wp\/v2\/posts\/188723\/revisions\/188726"}],"wp:featuredmedia":[{"embeddable":true,"href":"https:\/\/diarioregionaldigital.com.br\/index.php?rest_route=\/wp\/v2\/media\/188724"}],"wp:attachment":[{"href":"https:\/\/diarioregionaldigital.com.br\/index.php?rest_route=%2Fwp%2Fv2%2Fmedia&parent=188723"}],"wp:term":[{"taxonomy":"category","embeddable":true,"href":"https:\/\/diarioregionaldigital.com.br\/index.php?rest_route=%2Fwp%2Fv2%2Fcategories&post=188723"},{"taxonomy":"post_tag","embeddable":true,"href":"https:\/\/diarioregionaldigital.com.br\/index.php?rest_route=%2Fwp%2Fv2%2Ftags&post=188723"}],"curies":[{"name":"wp","href":"https:\/\/api.w.org\/{rel}","templated":true}]}}