{"id":188719,"date":"2021-09-23T19:35:01","date_gmt":"2021-09-23T22:35:01","guid":{"rendered":"https:\/\/diarioregionaldigital.com.br\/?p=188719"},"modified":"2021-09-23T19:44:27","modified_gmt":"2021-09-23T22:44:27","slug":"mais-energia-cemig-e-governo-de-minas-investem-r-5-bi-na-construcao-de-200-novas-subestacoes","status":"publish","type":"post","link":"https:\/\/diarioregionaldigital.com.br\/?p=188719","title":{"rendered":"Mais Energia: Cemig e Governo de Minas investem R$ 5 bi na constru\u00e7\u00e3o de 200 novas subesta\u00e7\u00f5es"},"content":{"rendered":"<p>O governador Romeu Zema e o diretor-presidente da\u00a0<a href=\"http:\/\/www.cemig.com.br\/\" target=\"_blank\" rel=\"noopener\">Cemig<\/a>, Reynaldo Passanezi Filho, lan\u00e7aram, nesta quinta-feira (23\/9), o programa Mais Energia, que consiste na constru\u00e7\u00e3o de 200 subesta\u00e7\u00f5es de distribui\u00e7\u00e3o de energia em diversas regi\u00f5es do estado at\u00e9 2027. O lan\u00e7amento foi feito\u00a0em Governador Valadares, no Vale do Rio Doce, onde est\u00e1 sendo constru\u00edda a nova Subesta\u00e7\u00e3o Governador Valadares 5,\u00a0importante obra de refor\u00e7o do sistema el\u00e9trico da regi\u00e3o que ser\u00e1 entregue no in\u00edcio de 2022 e beneficiar\u00e1 100 mil clientes da Cemig.<\/p>\n<p>As entregas ir\u00e3o garantir a amplia\u00e7\u00e3o do fornecimento de energia para novas cargas e melhorar a confiabilidade do sistema el\u00e9trico para a popula\u00e7\u00e3o, possibilitando a gera\u00e7\u00e3o de emprego e renda em todas as regi\u00f5es de Minas Gerais. Ser\u00e3o investidos R$ 5 bilh\u00f5es na constru\u00e7\u00e3o das novas instala\u00e7\u00f5es e linhas de alta tens\u00e3o para conect\u00e1-las \u00e0 rede de distribui\u00e7\u00e3o, al\u00e9m de obras de refor\u00e7os nas redes de m\u00e9dia tens\u00e3o na \u00e1rea de concess\u00e3o da empresa. Essa a\u00e7\u00e3o integra o maior plano de investimentos da hist\u00f3ria da Cemig, que prev\u00ea R$ 22,5 bilh\u00f5es investidos nos pr\u00f3ximos anos.<\/p>\n<p>De acordo com o governador Romeu Zema, o programa \u00e9 uma forma de corrigir gest\u00f5es e estrat\u00e9gias equivocadas que foram adotadas no passado. \u201cSabemos que nos \u00faltimos 15, 20 anos os investimentos da Cemig, de forma infeliz e errada, foram direcionados para o Rio de Janeiro (Light), Bahia (Renova) e Amazonas (Belo Monte e Santo Ant\u00f4nio), e o nosso parque de transmiss\u00e3o e distribui\u00e7\u00e3o ficou completamente comprometido e sucateado\u201d, afirmou Zema.<\/p>\n<p><strong>Mais Energia<\/strong><\/p>\n<p>O Mais Energia aumentar\u00e1 consideravelmente o n\u00famero de subesta\u00e7\u00f5es no estado, passando das atuais 415 para 615 unidades at\u00e9 2027. Atualmente, 30% das subesta\u00e7\u00f5es da Cemig possuem restri\u00e7\u00e3o de cargas. Com as novas subesta\u00e7\u00f5es, a previs\u00e3o \u00e9 a de que este n\u00famero seja zerado at\u00e9 2027, acabando com a demanda reprimida por energia em Minas Gerais. Isso porque haver\u00e1 a inje\u00e7\u00e3o de aproximadamente 5 mil MVA (Mega VoltAmp\u00e9re) de pot\u00eancia no sistema el\u00e9trico, mais de 50% da atual capacidade instalada.<\/p>\n<p>Romeu Zema explicou que o\u00a0<a href=\"http:\/\/www.mg.gov.br\/\" target=\"_blank\" rel=\"noopener\">Governo de Minas<\/a>\u00a0est\u00e1 conduzindo um processo para que o mineiro volte a ter energia em quantidade e qualidade, como \u00e9 necess\u00e1rio para um estado se desenvolver. \u201cDesde o in\u00edcio do nosso governo temos tentado reverter esse quadro, mas como s\u00e3o obras gigantes que levam meses ou at\u00e9 anos, esse processo vai levar um tempo para amadurecer. Mas, em 2021, muitas dessas subesta\u00e7\u00f5es ser\u00e3o conclu\u00eddas; at\u00e9 o final do ano que vem quase a metade, e o restante a partir de 2023. Isso significa que Minas Gerais deixar\u00e1 de ter como fator que restringe o desenvolvimento o fornecimento de energia el\u00e9trica\u201d, explicou.<\/p>\n<p>At\u00e9 o final deste ano, j\u00e1 estar\u00e3o energizadas mais de 22 subesta\u00e7\u00f5es. No fim de 2022, ser\u00e3o 80. Atualmente, seis dessas novas instala\u00e7\u00f5es, mais modernas e potentes, j\u00e1 foram entregues. S\u00e3o elas: SE Bocai\u00fava (Regi\u00e3o Norte), SE S\u00e3o Bento Abade (Sul), SE Varj\u00e3o de Minas e SE Serra do Salitre (Tri\u00e2ngulo), SE Nova Serrana 1 (Oeste) e SE Machado Mineiro (Leste).<\/p>\n<p><strong>Agroneg\u00f3cio<\/strong><\/p>\n<p>Zema ainda destacou a import\u00e2ncia dos investimentos para o desenvolvimento do agroneg\u00f3cio no estado. Segundo o governador, faz parte desse investimento bilion\u00e1rio da Cemig nos pr\u00f3ximos anos levar energia trif\u00e1sica para as mais de 600 mil propriedades rurais em Minas.<\/p>\n<p>\u201dHoje, a grande maioria \u00e9 atendida apenas por energia monof\u00e1sica, que significa muitas vezes que o propriet\u00e1rio tem condi\u00e7\u00f5es de ligar apenas a televis\u00e3o, o chuveiro e a geladeira.\u00a0E, se precisa ligar um equipamento mais robusto,\u00a0a energia n\u00e3o \u00e9 suficiente. Com esse programa vamos levar para esses propriet\u00e1rios energia que propicia o agroneg\u00f3cio, e n\u00e3o de subsist\u00eancia como acontece na maioria dos casos\u201d, lembrou.<\/p>\n<p><strong>Energia de qualidade e gera\u00e7\u00e3o de empregos<\/strong><\/p>\n<p>De acordo com Reynaldo Passanezi Filho, o Mais Energia refor\u00e7a o compromisso da Cemig em garantir e melhorar a continuidade do fornecimento de energia, favorecer o desenvolvimento da atividade econ\u00f4mica em Minas Gerais \u00a0e \u00a0melhorar a satisfa\u00e7\u00e3o dos clientes com a companhia.<\/p>\n<p>\u201dO Mais Energia tem como objetivo melhorar a qualidade do servi\u00e7o prestado aos nossos mais de 8,7 milh\u00f5es de clientes, de forma eficaz, segura e integrada. A meta da Cemig \u00e9 ser l\u00edder no setor de distribui\u00e7\u00e3o de energia no Brasil em experi\u00eancia e satisfa\u00e7\u00e3o na opini\u00e3o dos clientes. De acordo com avalia\u00e7\u00f5es realizadas pela companhia, cada nova subesta\u00e7\u00e3o, em conjunto com as linhas de distribui\u00e7\u00e3o associadas, diminui em torno de dez vezes o risco de interrup\u00e7\u00e3o de energia, quando comparado ao sistema el\u00e9trico anterior, antes da entrada em opera\u00e7\u00e3o das novas instala\u00e7\u00f5es\u201d, afirmou.<\/p>\n<p>Ainda segundo Passanezi, o Mais Energia ser\u00e1 fundamental para o fortalecimento da economia mineira, possibilitando novos investimentos no estado e criando postos de trabalho.<\/p>\n<p>\u201cOs investimentos trar\u00e3o muitos benef\u00edcios para a popula\u00e7\u00e3o, como mais energia dispon\u00edvel para o crescimento dos neg\u00f3cios, atendendo \u00e0s demandas do com\u00e9rcio e da ind\u00fastria, al\u00e9m de conex\u00e3o de usinas solares e a amplia\u00e7\u00e3o do agroneg\u00f3cio, com gera\u00e7\u00e3o de emprego e renda para os mineiros. Tamb\u00e9m proporcionar\u00e1 a redu\u00e7\u00e3o de interrup\u00e7\u00f5es de energia para clientes urbanos e rurais, entregar\u00e1 redes mais seguras para evitar acidentes com choque el\u00e9trico, al\u00e9m de fontes de energia mais robustas\u201d, destacou o diretor-presidente da Cemig.<\/p>\n<p>O plano prev\u00ea ainda o atendimento de todos os munic\u00edpios com dupla alimenta\u00e7\u00e3o em m\u00e9dia tens\u00e3o, a constru\u00e7\u00e3o de 3.100 quil\u00f4metros de novas linhas de alta tens\u00e3o e a substitui\u00e7\u00e3o de todas as estruturas de madeira de alta tens\u00e3o ainda existentes por outras de material mais moderno e resistente.<\/p>\n<p>O Mais Energia tamb\u00e9m visa aumentar a possibilidade de novas conex\u00f5es de fontes de produ\u00e7\u00e3o de energia renov\u00e1veis, como as de usinas fotovoltaicas e e\u00f3licas, tornando o sistema de gera\u00e7\u00e3o cada vez mais robusto e limpo, principalmente neste cen\u00e1rio de crise h\u00eddrica em que novas fontes geradoras se fazem extremamente necess\u00e1rias.<\/p>\n<p><strong>Foco nos mineiros<\/strong><\/p>\n<p>Os R$ 5 bilh\u00f5es investidos por meio do Mais Energia integram o maior plano de investimentos da hist\u00f3ria da Cemig: ser\u00e3o R$ 22,5 bilh\u00f5es aplicados at\u00e9 2025 em gera\u00e7\u00e3o, transmiss\u00e3o e distribui\u00e7\u00e3o de energia, gera\u00e7\u00e3o distribu\u00edda e comercializa\u00e7\u00e3o de g\u00e1s.<\/p>\n<p>Ao contr\u00e1rio de anos anteriores, esses investimentos t\u00eam como foco a melhoria do servi\u00e7o prestado em Minas Gerais. Apenas no sistema el\u00e9trico de distribui\u00e7\u00e3o, que atende mais de 8,7 milh\u00f5es de clientes, ser\u00e3o R$ 12,5 bilh\u00f5es em investimentos na moderniza\u00e7\u00e3o da rede, de forma a induzir o desenvolvimento econ\u00f4mico em Minas Gerais.<\/p>\n<p><strong>Melhoria cont\u00ednua<\/strong><\/p>\n<p>Mesmo antes do lan\u00e7amento do Mais Energia, os clientes da Cemig j\u00e1 v\u00eam sendo beneficiados com a melhoria cont\u00ednua do DECi, \u00edndice que representa o tempo m\u00e9dio de interrup\u00e7\u00f5es no fornecimento de energia. No per\u00edodo de julho do ano passado a junho deste ano, o \u00edndice foi de 9,46 horas, abaixo do registrado em 2020, de 9,57 horas e o menor da hist\u00f3ria da Cemig. Agora, com as novas subesta\u00e7\u00f5es, a expectativa \u00e9 que esse \u00edndice evolua ainda mais.<\/p>\n<p>As subesta\u00e7\u00f5es s\u00e3o fundamentais para esse bom resultado. As instala\u00e7\u00f5es s\u00e3o repons\u00e1veis por receber a energia gerada em alta tens\u00e3o pelas usinas e transformar em uma tens\u00e3o compat\u00edvel\u00a0com os grandes centros urbanos e \u00e1reas rurais. Dessa forma, fazem a distribui\u00e7\u00e3o para os clientes,\u00a0por meio de circuitos alimentadores nas ruas, avenidas, estradas e nos campos ao longo de todo o estado.<\/p>\n<p><strong>Educa\u00e7\u00e3o<\/strong><\/p>\n<p>Mais cedo, em Governador Valadares, o governador se reuniu com educadores e alunos na Escola Estadual Ab\u00edlio Rodrigues Patto, que retomou as aulas presenciais. O retorno segue\u00a0todos os protocolos sanit\u00e1rios e recomenda\u00e7\u00f5es do plano\u00a0<a href=\"http:\/\/www.mg.gov.br\/minasconsciente\" target=\"_blank\" rel=\"noopener\">Minas Consciente<\/a>\u00a0para retomada segura das atividades, aliada \u00e0 manuten\u00e7\u00e3o dos cuidados para preven\u00e7\u00e3o e controle da covid-19.<\/p>\n<p><span style=\"font-weight: 400;\">Fonte: Ag\u00eancia Minas<\/span><\/p>\n","protected":false},"excerpt":{"rendered":"<p>O governador Romeu Zema e o diretor-presidente da\u00a0Cemig, Reynaldo Passanezi Filho, lan\u00e7aram, nesta quinta-feira (23\/9), o programa Mais Energia, que consiste na constru\u00e7\u00e3o de 200 subesta\u00e7\u00f5es de distribui\u00e7\u00e3o de energia em diversas regi\u00f5es do estado at\u00e9 2027. O lan\u00e7amento foi feito\u00a0em Governador Valadares, no Vale do Rio Doce, onde est\u00e1 sendo constru\u00edda a nova Subesta\u00e7\u00e3o [&hellip;]<\/p>\n","protected":false},"author":246,"featured_media":188721,"comment_status":"closed","ping_status":"closed","sticky":false,"template":"","format":"standard","meta":{"footnotes":""},"categories":[440,254,252],"tags":[],"class_list":["post-188719","post","type-post","status-publish","format-standard","has-post-thumbnail","hentry","category-destaques-do-dia","category-politica","category-regiao"],"_links":{"self":[{"href":"https:\/\/diarioregionaldigital.com.br\/index.php?rest_route=\/wp\/v2\/posts\/188719","targetHints":{"allow":["GET"]}}],"collection":[{"href":"https:\/\/diarioregionaldigital.com.br\/index.php?rest_route=\/wp\/v2\/posts"}],"about":[{"href":"https:\/\/diarioregionaldigital.com.br\/index.php?rest_route=\/wp\/v2\/types\/post"}],"author":[{"embeddable":true,"href":"https:\/\/diarioregionaldigital.com.br\/index.php?rest_route=\/wp\/v2\/users\/246"}],"replies":[{"embeddable":true,"href":"https:\/\/diarioregionaldigital.com.br\/index.php?rest_route=%2Fwp%2Fv2%2Fcomments&post=188719"}],"version-history":[{"count":1,"href":"https:\/\/diarioregionaldigital.com.br\/index.php?rest_route=\/wp\/v2\/posts\/188719\/revisions"}],"predecessor-version":[{"id":188722,"href":"https:\/\/diarioregionaldigital.com.br\/index.php?rest_route=\/wp\/v2\/posts\/188719\/revisions\/188722"}],"wp:featuredmedia":[{"embeddable":true,"href":"https:\/\/diarioregionaldigital.com.br\/index.php?rest_route=\/wp\/v2\/media\/188721"}],"wp:attachment":[{"href":"https:\/\/diarioregionaldigital.com.br\/index.php?rest_route=%2Fwp%2Fv2%2Fmedia&parent=188719"}],"wp:term":[{"taxonomy":"category","embeddable":true,"href":"https:\/\/diarioregionaldigital.com.br\/index.php?rest_route=%2Fwp%2Fv2%2Fcategories&post=188719"},{"taxonomy":"post_tag","embeddable":true,"href":"https:\/\/diarioregionaldigital.com.br\/index.php?rest_route=%2Fwp%2Fv2%2Ftags&post=188719"}],"curies":[{"name":"wp","href":"https:\/\/api.w.org\/{rel}","templated":true}]}}