{"id":188716,"date":"2021-09-23T19:24:29","date_gmt":"2021-09-23T22:24:29","guid":{"rendered":"https:\/\/diarioregionaldigital.com.br\/?p=188716"},"modified":"2021-09-23T19:24:29","modified_gmt":"2021-09-23T22:24:29","slug":"reajuste-salarial-fica-abaixo-da-inflacao-em-agosto","status":"publish","type":"post","link":"https:\/\/diarioregionaldigital.com.br\/?p=188716","title":{"rendered":"Reajuste salarial fica abaixo da infla\u00e7\u00e3o em agosto"},"content":{"rendered":"<p>No m\u00eas\u00a0de agosto, o reajuste salarial mediano no pa\u00eds ficou 1,4 ponto percentual abaixo da infla\u00e7\u00e3o, considerando como base o \u00cdndice Nacional de Pre\u00e7os ao Consumidor (INPC). Apenas 9,5% das negocia\u00e7\u00f5es resultaram em ganhos reais, de acordo com o boletim Salari\u00f4metro, divulgado\u00a0hoje\u00a0(23) pela Funda\u00e7\u00e3o Instituto de Pesquisas Econ\u00f4micas (Fipe).<img decoding=\"async\" src=\"https:\/\/agenciabrasil.ebc.com.br\/ebc.png?id=1422417&amp;o=node\" \/><img decoding=\"async\" src=\"https:\/\/agenciabrasil.ebc.com.br\/ebc.gif?id=1422417&amp;o=node\" \/><\/p>\n<p>O reajuste m\u00e9dio negociado foi de 8,5% em agosto, enquanto o INPC, no acumulado de 12 meses, ficou em 9,9%. O piso salarial mediano &#8211; modelo que corrige discrep\u00e2ncias &#8211; negociado foi de R$ 1.255 em agosto, enquanto o piso m\u00e9dio foi de R$ 1.396.<\/p>\n<p>O Salari\u00f4metro analisa os resultados de 40 negocia\u00e7\u00f5es salariais coletivas, que s\u00e3o depositados no Portal Medidor, do Minist\u00e9rio da Economia.<\/p>\n<p>N\u00e3o houve aumento mediano real como resultado das negocia\u00e7\u00f5es em nenhum dos \u00faltimos 12 meses, conforme a funda\u00e7\u00e3o. Desde setembro do ano passado, o \u00edndice tem oscilado de -1,4% a zero.<\/p>\n<p>Segundo a Fipe, a infla\u00e7\u00e3o projetada para as pr\u00f3ximas datas-base\u00a0ficar\u00e1 perto dos 10%, o que dever\u00e1 comprimir o espa\u00e7o para ganhos reais no futuro.<\/p>\n<p><span style=\"font-weight: 400;\">Fonte: Ag\u00eancia Brasil <\/span><\/p>\n","protected":false},"excerpt":{"rendered":"<p>No m\u00eas\u00a0de agosto, o reajuste salarial mediano no pa\u00eds ficou 1,4 ponto percentual abaixo da infla\u00e7\u00e3o, considerando como base o \u00cdndice Nacional de Pre\u00e7os ao Consumidor (INPC). Apenas 9,5% das negocia\u00e7\u00f5es resultaram em ganhos reais, de acordo com o boletim Salari\u00f4metro, divulgado\u00a0hoje\u00a0(23) pela Funda\u00e7\u00e3o Instituto de Pesquisas Econ\u00f4micas (Fipe). O reajuste m\u00e9dio negociado foi de [&hellip;]<\/p>\n","protected":false},"author":246,"featured_media":188717,"comment_status":"closed","ping_status":"closed","sticky":false,"template":"","format":"standard","meta":{"footnotes":""},"categories":[436,261],"tags":[],"class_list":["post-188716","post","type-post","status-publish","format-standard","has-post-thumbnail","hentry","category-destaque-da-semana","category-economia"],"_links":{"self":[{"href":"https:\/\/diarioregionaldigital.com.br\/index.php?rest_route=\/wp\/v2\/posts\/188716","targetHints":{"allow":["GET"]}}],"collection":[{"href":"https:\/\/diarioregionaldigital.com.br\/index.php?rest_route=\/wp\/v2\/posts"}],"about":[{"href":"https:\/\/diarioregionaldigital.com.br\/index.php?rest_route=\/wp\/v2\/types\/post"}],"author":[{"embeddable":true,"href":"https:\/\/diarioregionaldigital.com.br\/index.php?rest_route=\/wp\/v2\/users\/246"}],"replies":[{"embeddable":true,"href":"https:\/\/diarioregionaldigital.com.br\/index.php?rest_route=%2Fwp%2Fv2%2Fcomments&post=188716"}],"version-history":[{"count":1,"href":"https:\/\/diarioregionaldigital.com.br\/index.php?rest_route=\/wp\/v2\/posts\/188716\/revisions"}],"predecessor-version":[{"id":188718,"href":"https:\/\/diarioregionaldigital.com.br\/index.php?rest_route=\/wp\/v2\/posts\/188716\/revisions\/188718"}],"wp:featuredmedia":[{"embeddable":true,"href":"https:\/\/diarioregionaldigital.com.br\/index.php?rest_route=\/wp\/v2\/media\/188717"}],"wp:attachment":[{"href":"https:\/\/diarioregionaldigital.com.br\/index.php?rest_route=%2Fwp%2Fv2%2Fmedia&parent=188716"}],"wp:term":[{"taxonomy":"category","embeddable":true,"href":"https:\/\/diarioregionaldigital.com.br\/index.php?rest_route=%2Fwp%2Fv2%2Fcategories&post=188716"},{"taxonomy":"post_tag","embeddable":true,"href":"https:\/\/diarioregionaldigital.com.br\/index.php?rest_route=%2Fwp%2Fv2%2Ftags&post=188716"}],"curies":[{"name":"wp","href":"https:\/\/api.w.org\/{rel}","templated":true}]}}