{"id":188712,"date":"2021-09-23T19:20:04","date_gmt":"2021-09-23T22:20:04","guid":{"rendered":"https:\/\/diarioregionaldigital.com.br\/?p=188712"},"modified":"2021-09-23T19:20:04","modified_gmt":"2021-09-23T22:20:04","slug":"governo-zera-aliquotas-de-tributos-incidentes-na-importacao-de-milho","status":"publish","type":"post","link":"https:\/\/diarioregionaldigital.com.br\/?p=188712","title":{"rendered":"Governo zera al\u00edquotas de tributos incidentes na importa\u00e7\u00e3o de milho"},"content":{"rendered":"<p>O presidente Jair Bolsonaro editou uma Medida Provis\u00f3ria (MP) que zera, at\u00e9 31 de dezembro, os tributos sobre a importa\u00e7\u00e3o do milho. O texto foi publicado hoje (23) no\u00a0<a href=\"http:\/\/in.gov.br\/en\/web\/dou\/-\/medida-provisoria-n-1.071-de-22-de-setembro-de-2021-346776368\"><em>Di\u00e1rio Oficial da Uni\u00e3o<\/em><\/a>\u00a0e, como tem for\u00e7a de lei, j\u00e1 est\u00e1 em vigor.<img decoding=\"async\" src=\"https:\/\/agenciabrasil.ebc.com.br\/ebc.png?id=1422444&amp;o=node\" \/><img decoding=\"async\" src=\"https:\/\/agenciabrasil.ebc.com.br\/ebc.gif?id=1422444&amp;o=node\" \/><\/p>\n<p>A medida atinge a al\u00edquota da Contribui\u00e7\u00e3o para os Programas de Integra\u00e7\u00e3o Social e de Forma\u00e7\u00e3o do Patrim\u00f4nio do Servidor P\u00fablico (PIS\/Pasep) e a Contribui\u00e7\u00e3o para o Financiamento da Seguridade Social (Cofins). A ren\u00fancia do PIS\/Cofins incidente na importa\u00e7\u00e3o de milho ter\u00e1 um impacto de R$ 66,47 milh\u00f5es em 2021.<\/p>\n<p>De acordo com a Presid\u00eancia, a medida \u00e9 necess\u00e1ria para aumentar a importa\u00e7\u00e3o do gr\u00e3o devido \u00e0 escassez no mercado interno, \u201cem raz\u00e3o de problemas clim\u00e1ticos, atrasos na colheita de ver\u00e3o e na semeadura da segunda safra e, ainda, pelos baixos n\u00edveis de estoque\u201d. O milho \u00e9 insumo agr\u00edcola importante, especialmente na agroind\u00fastria, em setores como a avicultura e a suinocultura.<\/p>\n<p><strong>Aumento compensa perda<\/strong><\/p>\n<p>A perda nessa arrecada\u00e7\u00e3o ser\u00e1 compensada com o\u00a0<a href=\"http:\/\/agenciabrasil.ebc.com.br\/economia\/noticia\/2021-09\/comecam-a-valer-hoje-novas-aliquotas-do-IOF\" target=\"_blank\" rel=\"noopener\">aumento<\/a>\u00a0do Imposto sobre Opera\u00e7\u00f5es Financeiras (IOF), promovido pelo governo na semana passada e que entrou em vigor na segunda-feira (20). Para as pessoas f\u00edsicas a al\u00edquota passa de 3% ao ano (di\u00e1ria de 0,0082%) para 4,08% ao ano (di\u00e1ria de 0,01118%). J\u00e1 para as pessoas jur\u00eddicas, a al\u00edquota anual passa de 1,5% (atual al\u00edquota di\u00e1ria de 0,0041%) para 2,04% (di\u00e1ria de 0,00559%). O ajuste vale at\u00e9 31 de dezembro.<\/p>\n<p>Os valores arrecadados com as novas al\u00edquotas do IOF tamb\u00e9m ser\u00e3o utilizados para custear o Aux\u00edlio Brasil, programa social que deve substituir o Bolsa Fam\u00edlia, e o aumento do valor da cota de importa\u00e7\u00e3o pelo Conselho Nacional de Desenvolvimento Cient\u00edfico e Tecnol\u00f3gico (CNPq).<\/p>\n<p>Os gastos com o novo programa acarretar\u00e3o, neste ano, um acr\u00e9scimo de R$ 1,62 bilh\u00e3o na despesa obrigat\u00f3ria de car\u00e1ter continuado. No caso do CNPq, a ren\u00fancia fiscal do governo chega a R$ 236,49 milh\u00f5es.<\/p>\n<p><span style=\"font-weight: 400;\">Fonte: Ag\u00eancia Brasil <\/span><\/p>\n","protected":false},"excerpt":{"rendered":"<p>O presidente Jair Bolsonaro editou uma Medida Provis\u00f3ria (MP) que zera, at\u00e9 31 de dezembro, os tributos sobre a importa\u00e7\u00e3o do milho. O texto foi publicado hoje (23) no\u00a0Di\u00e1rio Oficial da Uni\u00e3o\u00a0e, como tem for\u00e7a de lei, j\u00e1 est\u00e1 em vigor. A medida atinge a al\u00edquota da Contribui\u00e7\u00e3o para os Programas de Integra\u00e7\u00e3o Social e [&hellip;]<\/p>\n","protected":false},"author":246,"featured_media":188713,"comment_status":"closed","ping_status":"closed","sticky":false,"template":"","format":"standard","meta":{"footnotes":""},"categories":[436,261],"tags":[],"class_list":["post-188712","post","type-post","status-publish","format-standard","has-post-thumbnail","hentry","category-destaque-da-semana","category-economia"],"_links":{"self":[{"href":"https:\/\/diarioregionaldigital.com.br\/index.php?rest_route=\/wp\/v2\/posts\/188712","targetHints":{"allow":["GET"]}}],"collection":[{"href":"https:\/\/diarioregionaldigital.com.br\/index.php?rest_route=\/wp\/v2\/posts"}],"about":[{"href":"https:\/\/diarioregionaldigital.com.br\/index.php?rest_route=\/wp\/v2\/types\/post"}],"author":[{"embeddable":true,"href":"https:\/\/diarioregionaldigital.com.br\/index.php?rest_route=\/wp\/v2\/users\/246"}],"replies":[{"embeddable":true,"href":"https:\/\/diarioregionaldigital.com.br\/index.php?rest_route=%2Fwp%2Fv2%2Fcomments&post=188712"}],"version-history":[{"count":2,"href":"https:\/\/diarioregionaldigital.com.br\/index.php?rest_route=\/wp\/v2\/posts\/188712\/revisions"}],"predecessor-version":[{"id":188715,"href":"https:\/\/diarioregionaldigital.com.br\/index.php?rest_route=\/wp\/v2\/posts\/188712\/revisions\/188715"}],"wp:featuredmedia":[{"embeddable":true,"href":"https:\/\/diarioregionaldigital.com.br\/index.php?rest_route=\/wp\/v2\/media\/188713"}],"wp:attachment":[{"href":"https:\/\/diarioregionaldigital.com.br\/index.php?rest_route=%2Fwp%2Fv2%2Fmedia&parent=188712"}],"wp:term":[{"taxonomy":"category","embeddable":true,"href":"https:\/\/diarioregionaldigital.com.br\/index.php?rest_route=%2Fwp%2Fv2%2Fcategories&post=188712"},{"taxonomy":"post_tag","embeddable":true,"href":"https:\/\/diarioregionaldigital.com.br\/index.php?rest_route=%2Fwp%2Fv2%2Ftags&post=188712"}],"curies":[{"name":"wp","href":"https:\/\/api.w.org\/{rel}","templated":true}]}}