{"id":188708,"date":"2021-09-23T19:16:44","date_gmt":"2021-09-23T22:16:44","guid":{"rendered":"https:\/\/diarioregionaldigital.com.br\/?p=188708"},"modified":"2021-09-23T19:16:44","modified_gmt":"2021-09-23T22:16:44","slug":"governo-faz-pedido-de-r-616-milhoes-para-investimento-em-estatais","status":"publish","type":"post","link":"https:\/\/diarioregionaldigital.com.br\/?p=188708","title":{"rendered":"Governo faz pedido de R$ 61,6 milh\u00f5es para investimento em estatais"},"content":{"rendered":"<p>O governo federal encaminhou ao Congresso Nacional um projeto de lei (PL) para abertura de cr\u00e9dito especial no valor de R$ 61,6 milh\u00f5es. Os recursos ser\u00e3o investidos na Caixa Econ\u00f4mica Federal, Companhia de Entrepostos e Armaz\u00e9ns Gerais de S\u00e3o Paulo (Ceagesp), Companhia de Gera\u00e7\u00e3o e Transmiss\u00e3o de Energia El\u00e9trica do Sul do Brasil (CGT Eletrosul) e Empresa Gerencial de Projetos Navais (Emgepron).<\/p>\n<p>Em nota, a Secretaria-Geral da Presid\u00eancia da Rep\u00fablica destacou que o cr\u00e9dito especial ser\u00e1 custeado por receitas pr\u00f3prias das empresas estatais e anula\u00e7\u00e3o parcial de dota\u00e7\u00e3o or\u00e7ament\u00e1ria.<\/p>\n<p>A pasta informou que o pedido tem por finalidade incluir novas a\u00e7\u00f5es no or\u00e7amento de investimento das empresas, para \u201cassegurar seu desempenho operacional e a consecu\u00e7\u00e3o dos empreendimentos priorit\u00e1rios estabelecidos para 2021\u201d. Segundo a Secretaria-Geral, as empresas estatais, seguindo a din\u00e2mica empresarial, t\u00eam necessidade de um planejamento flex\u00edvel, o que as leva a retificar, quando necess\u00e1rio, suas proje\u00e7\u00f5es or\u00e7ament\u00e1rias, para se adequar a seus planos de neg\u00f3cios.<\/p>\n<p>De acordo com o projeto, a Caixa ficaria com R$ 33,4 milh\u00f5es, a serem investidos em 42 novas unidades.<\/p>\n<p>A CGT Eletrosul receberia pouco mais de R$ 9 milh\u00f5es para custear a conclus\u00e3o de obras de transmiss\u00e3o entre as usinas de Foz do Chapec\u00f3 e o munic\u00edpio de Pinhalzinho, em Santa Catarina. Segundo a Presid\u00eancia, a obra \u00e9 necess\u00e1ria para atender a implementa\u00e7\u00e3o dos sistemas previstos em contrato de concess\u00e3o entre a Fronteira Oeste Transmissora de Energia (Fote) e a Ag\u00eancia Nacional de Energia El\u00e9trica (Aneel).<\/p>\n<p>J\u00e1 a Emgepron deve ficar com R$ 1,9 milh\u00e3o para aquisi\u00e7\u00e3o de um sistema de medi\u00e7\u00e3o de press\u00e3o e benfeitorias na nova oficina, localizada na F\u00e1brica de Muni\u00e7\u00f5es Almirante Jurandyr da Costa M\u00fcller de Campos, pertencente \u00e0 Marinha.<\/p>\n<p>O restante, R$ 17,2 milh\u00f5es, vai para a Ceagesp. Os recursos devem ser utilizados na moderniza\u00e7\u00e3o do sistema de inform\u00e1tica e na constru\u00e7\u00e3o de um novo pavilh\u00e3o.<img decoding=\"async\" src=\"https:\/\/agenciabrasil.ebc.com.br\/ebc.png?id=1422448&amp;o=node\" \/><img decoding=\"async\" src=\"https:\/\/agenciabrasil.ebc.com.br\/ebc.gif?id=1422448&amp;o=node\" \/><\/p>\n<p><strong>Cr\u00e9dito suplementar<\/strong><\/p>\n<p>Em outro PL, o governo solicita ao Congresso Nacional a abertura de cr\u00e9dito suplementar no valor de R$ 109,2 milh\u00f5es, em favor da Caixa, Ceagesp, Transmissora Sul Litor\u00e2nea de Energia (TSLE), Companhia Docas do Estado da Bahia (Codeba) e Companhia Docas do Par\u00e1 (CDP).<\/p>\n<p>De acordo com a Secretaria-Geral da Presid\u00eancia, a medida deve atender diversas despesas no \u00e2mbito dessas empresas.<\/p>\n<p>A pasta destacou que a proposta de altera\u00e7\u00e3o or\u00e7ament\u00e1ria \u00e9 compat\u00edvel com a meta de d\u00e9ficit prim\u00e1rio fixada para as estatais pela Lei de Diretrizes Or\u00e7ament\u00e1rias de 2021, bem como com o Relat\u00f3rio de Avalia\u00e7\u00e3o das Receitas e Despesas Prim\u00e1rias do terceiro bimestre do ano.<\/p>\n<p><span style=\"font-weight: 400;\"><br \/>\n<\/span><span style=\"font-weight: 400;\">Fonte: Ag\u00eancia Brasil <\/span><\/p>\n","protected":false},"excerpt":{"rendered":"<p>O governo federal encaminhou ao Congresso Nacional um projeto de lei (PL) para abertura de cr\u00e9dito especial no valor de R$ 61,6 milh\u00f5es. Os recursos ser\u00e3o investidos na Caixa Econ\u00f4mica Federal, Companhia de Entrepostos e Armaz\u00e9ns Gerais de S\u00e3o Paulo (Ceagesp), Companhia de Gera\u00e7\u00e3o e Transmiss\u00e3o de Energia El\u00e9trica do Sul do Brasil (CGT Eletrosul) [&hellip;]<\/p>\n","protected":false},"author":246,"featured_media":188709,"comment_status":"closed","ping_status":"closed","sticky":false,"template":"","format":"standard","meta":{"footnotes":""},"categories":[436,261],"tags":[],"class_list":["post-188708","post","type-post","status-publish","format-standard","has-post-thumbnail","hentry","category-destaque-da-semana","category-economia"],"_links":{"self":[{"href":"https:\/\/diarioregionaldigital.com.br\/index.php?rest_route=\/wp\/v2\/posts\/188708","targetHints":{"allow":["GET"]}}],"collection":[{"href":"https:\/\/diarioregionaldigital.com.br\/index.php?rest_route=\/wp\/v2\/posts"}],"about":[{"href":"https:\/\/diarioregionaldigital.com.br\/index.php?rest_route=\/wp\/v2\/types\/post"}],"author":[{"embeddable":true,"href":"https:\/\/diarioregionaldigital.com.br\/index.php?rest_route=\/wp\/v2\/users\/246"}],"replies":[{"embeddable":true,"href":"https:\/\/diarioregionaldigital.com.br\/index.php?rest_route=%2Fwp%2Fv2%2Fcomments&post=188708"}],"version-history":[{"count":2,"href":"https:\/\/diarioregionaldigital.com.br\/index.php?rest_route=\/wp\/v2\/posts\/188708\/revisions"}],"predecessor-version":[{"id":188711,"href":"https:\/\/diarioregionaldigital.com.br\/index.php?rest_route=\/wp\/v2\/posts\/188708\/revisions\/188711"}],"wp:featuredmedia":[{"embeddable":true,"href":"https:\/\/diarioregionaldigital.com.br\/index.php?rest_route=\/wp\/v2\/media\/188709"}],"wp:attachment":[{"href":"https:\/\/diarioregionaldigital.com.br\/index.php?rest_route=%2Fwp%2Fv2%2Fmedia&parent=188708"}],"wp:term":[{"taxonomy":"category","embeddable":true,"href":"https:\/\/diarioregionaldigital.com.br\/index.php?rest_route=%2Fwp%2Fv2%2Fcategories&post=188708"},{"taxonomy":"post_tag","embeddable":true,"href":"https:\/\/diarioregionaldigital.com.br\/index.php?rest_route=%2Fwp%2Fv2%2Ftags&post=188708"}],"curies":[{"name":"wp","href":"https:\/\/api.w.org\/{rel}","templated":true}]}}