{"id":188702,"date":"2021-09-23T19:01:06","date_gmt":"2021-09-23T22:01:06","guid":{"rendered":"https:\/\/diarioregionaldigital.com.br\/?p=188702"},"modified":"2021-09-23T19:01:06","modified_gmt":"2021-09-23T22:01:06","slug":"policia-militar-prende-autor-de-disparo-de-arma-de-fogo-em-via-publica-no-bairro-sao-francisco-de-paula","status":"publish","type":"post","link":"https:\/\/diarioregionaldigital.com.br\/?p=188702","title":{"rendered":"Pol\u00edcia Militar prende autor de disparo de arma de fogo em via p\u00fablica no bairro S\u00e3o Francisco de Paula"},"content":{"rendered":"<p>Nesta quarta-feira, dia\u00a0 22set21 por volta das 22h34minh, a Pol\u00edcia Militar foi acionada a comparecer na Avenida Dr Sime\u00e3o de Faria no bairro S\u00e3o Francisco de Paula para verifica\u00e7\u00e3o de um suspeito que havia efetuado dois disparos de arma de fogo em via p\u00fablica pr\u00f3ximo ao supermercado. No local, realizado intenso rastreamento, o autor foi abordado na Rua Joaquim Augusto Siqueira no mesmo bairro, apesar da tentativa de fuga para o interior de sua resid\u00eancia. Dilig\u00eancias foram realizadas e uma pistola calibre 9mm foi apreendida. Dois cartuchos deflagrados no local do fato tamb\u00e9m foram apreendidos. Nenhum dano com os disparos foi constatado. O autor (46 anos), que aparentava sinais de embriagues, foi preso em flagrante delito e conduzido \u00e0 Delegacia.<\/p>\n","protected":false},"excerpt":{"rendered":"<p>Nesta quarta-feira, dia\u00a0 22set21 por volta das 22h34minh, a Pol\u00edcia Militar foi acionada a comparecer na Avenida Dr Sime\u00e3o de Faria no bairro S\u00e3o Francisco de Paula para verifica\u00e7\u00e3o de um suspeito que havia efetuado dois disparos de arma de fogo em via p\u00fablica pr\u00f3ximo ao supermercado. No local, realizado intenso rastreamento, o autor foi [&hellip;]<\/p>\n","protected":false},"author":246,"featured_media":188703,"comment_status":"closed","ping_status":"closed","sticky":false,"template":"","format":"standard","meta":{"footnotes":""},"categories":[301],"tags":[],"class_list":["post-188702","post","type-post","status-publish","format-standard","has-post-thumbnail","hentry","category-artigos-policiais"],"_links":{"self":[{"href":"https:\/\/diarioregionaldigital.com.br\/index.php?rest_route=\/wp\/v2\/posts\/188702","targetHints":{"allow":["GET"]}}],"collection":[{"href":"https:\/\/diarioregionaldigital.com.br\/index.php?rest_route=\/wp\/v2\/posts"}],"about":[{"href":"https:\/\/diarioregionaldigital.com.br\/index.php?rest_route=\/wp\/v2\/types\/post"}],"author":[{"embeddable":true,"href":"https:\/\/diarioregionaldigital.com.br\/index.php?rest_route=\/wp\/v2\/users\/246"}],"replies":[{"embeddable":true,"href":"https:\/\/diarioregionaldigital.com.br\/index.php?rest_route=%2Fwp%2Fv2%2Fcomments&post=188702"}],"version-history":[{"count":1,"href":"https:\/\/diarioregionaldigital.com.br\/index.php?rest_route=\/wp\/v2\/posts\/188702\/revisions"}],"predecessor-version":[{"id":188704,"href":"https:\/\/diarioregionaldigital.com.br\/index.php?rest_route=\/wp\/v2\/posts\/188702\/revisions\/188704"}],"wp:featuredmedia":[{"embeddable":true,"href":"https:\/\/diarioregionaldigital.com.br\/index.php?rest_route=\/wp\/v2\/media\/188703"}],"wp:attachment":[{"href":"https:\/\/diarioregionaldigital.com.br\/index.php?rest_route=%2Fwp%2Fv2%2Fmedia&parent=188702"}],"wp:term":[{"taxonomy":"category","embeddable":true,"href":"https:\/\/diarioregionaldigital.com.br\/index.php?rest_route=%2Fwp%2Fv2%2Fcategories&post=188702"},{"taxonomy":"post_tag","embeddable":true,"href":"https:\/\/diarioregionaldigital.com.br\/index.php?rest_route=%2Fwp%2Fv2%2Ftags&post=188702"}],"curies":[{"name":"wp","href":"https:\/\/api.w.org\/{rel}","templated":true}]}}