{"id":188693,"date":"2021-09-22T17:01:32","date_gmt":"2021-09-22T20:01:32","guid":{"rendered":"https:\/\/diarioregionaldigital.com.br\/?p=188693"},"modified":"2021-09-22T17:01:32","modified_gmt":"2021-09-22T20:01:32","slug":"secretaria-de-saude-prossegue-com-vacinacao-da-astrazeneca","status":"publish","type":"post","link":"https:\/\/diarioregionaldigital.com.br\/?p=188693","title":{"rendered":"Secretaria de Sa\u00fade prossegue com vacina\u00e7\u00e3o da AstraZeneca"},"content":{"rendered":"<p>A Secretaria de Sa\u00fade (SS) da Prefeitura de Juiz de Fora (PJF) d\u00e1 prosseguimento \u00e0 vacina\u00e7\u00e3o da segunda dose do imunizante AstraZeneca. A partir de quinta-feira, 23, todos aqueles que deveriam ter tomado a segunda dose da AstraZeneca nos dias, 13 e 14 de setembro ou data anterior podem procurar um dos postos de imuniza\u00e7\u00e3o. Na sexta-feira, 24, \u00e9 para todos os que deveriam ter recebido a segunda aplica\u00e7\u00e3o nos dias 15 e 16 de setembro ou data anterior.<\/p>\n<p>Segundo informa\u00e7\u00f5es do site da Prefeitura de Juiz de Fora, as vacinas estar\u00e3o dispon\u00edveis nas dez Unidades B\u00e1sicas de Sa\u00fade (UBSs) de refer\u00eancia, das 8h \u00e0s 11h e das 13h \u00e0s 16h, com exce\u00e7\u00e3o das quintas-feiras, em que o funcionamento \u00e9 de 8h \u00e0s 11h e de 13h \u00e0s 14h; no Sesc Juiz de Fora, das 14h \u00e0s 20h; e no Sport Club, das 8h \u00e0s 16h. A SS lembra que para receber o imunizante, \u00e9 necess\u00e1rio apresentar o cart\u00e3o de vacina, um documento de identifica\u00e7\u00e3o com foto e o comprovante de resid\u00eancia no munic\u00edpio.<\/p>\n<p><b>Fique atento<\/b><\/p>\n<p>Quem se vacinou contra Influenza e tem direito de se vacinar tamb\u00e9m contra a Covid-19 deve esperar pelo menos 15 dias entre o momento que recebeu a dose do imunizante contra a gripe para poder ser vacinado contra a Covid-19. Para quem foi diagnosticado com Covid-19, \u00e9 recomendado ao menos 30 dias de espera entre o come\u00e7o dos sintomas ou teste positivo (no caso dos assintom\u00e1ticos) para receber a vacina.<\/p>\n<p><b>Locais da segunda dose de AstraZeneca para pessoas com retorno no cart\u00e3o nos dias 13 e 14 de setembro ou data anterior<\/b><\/p>\n<p>Quinta-feira, dia 23:<\/p>\n<p>10 UBSs de refer\u00eancia, de 8h \u00e0s 11h e de 13h \u00e0s 14h,<br \/>\nSport Club de 8h \u00e0s 16h<br \/>\nSesc Juiz de Fora de 14h \u00e0s 20h<\/p>\n<p><b>Locais da segunda dose de AstraZeneca para pessoas com retorno no cart\u00e3o nos dias 15 e 16 de setembro ou data anterior<\/b><\/p>\n<p>Sexta-feira, dia 24:<\/p>\n<p>10 UBSs de refer\u00eancia, de 8h \u00e0s 11h e de 13h \u00e0s 16h,<br \/>\nSport Club de 8h \u00e0s 16h<br \/>\nSesc Juiz de Fora de 14h \u00e0s 20h<br \/>\n<b>Endere\u00e7o dos locais de vacina\u00e7\u00e3o<\/b><\/p>\n<p><b>Sport Club Juiz de Fora<\/b><br \/>\nAvenida Bar\u00e3o do Rio Branco, 1.303, Centro (entrada pela avenida Brasil)<\/p>\n<p><b>Sesc Juiz de Fora<\/b><br \/>\nRua Oswaldo Aranha, 109, Centro<\/p>\n<p><b>10 UBSs:<\/b><br \/>\n<b>UBS Bairro Nossa Senhora de Lourdes,\u00a0<\/b>Rua In\u00e1cio Gama, 813;<br \/>\n<b>UBS Benfica,\u00a0<\/b>Rua Guararapes, 106;<br \/>\n<b>UBS Nossa Senhora Aparecida,\u00a0<\/b>Rua Nossa Senhora Aparecida, 775;<br \/>\n<b>UBS Santa Luzia,<\/b>\u00a0Rua Torre\u00f5es, s\/n\u00ba<br \/>\n<b>UBS S\u00e3o Pedro,\u00a0<\/b>Rua Jo\u00e3o Louren\u00e7o Kelmer, 1.433;<br \/>\n<b>UBS Vila Ideal,\u00a0<\/b>Avenida Francisco Valadares, 1.910<br \/>\n<b>UBS Milho Branco,\u00a0<\/b>Rua Nicolau Schuery, s\/n\u00ba<br \/>\n<b>UBS Progresso,\u00a0<\/b>Rua Jorge Knopp, n\u00ba 119<br \/>\n<b>UBS Santa Cec\u00edlia,<\/b>\u00a0Rua Gabriel Rodrigues, n\u00ba 900<br \/>\n<b>UBS Bandeirantes,\u00a0<\/b>Rua Laurindo Nocelli, n\u00ba 100<\/p>\n","protected":false},"excerpt":{"rendered":"<p>A Secretaria de Sa\u00fade (SS) da Prefeitura de Juiz de Fora (PJF) d\u00e1 prosseguimento \u00e0 vacina\u00e7\u00e3o da segunda dose do imunizante AstraZeneca. A partir de quinta-feira, 23, todos aqueles que deveriam ter tomado a segunda dose da AstraZeneca nos dias, 13 e 14 de setembro ou data anterior podem procurar um dos postos de imuniza\u00e7\u00e3o. [&hellip;]<\/p>\n","protected":false},"author":246,"featured_media":188694,"comment_status":"closed","ping_status":"closed","sticky":false,"template":"","format":"standard","meta":{"footnotes":""},"categories":[253,436],"tags":[],"class_list":["post-188693","post","type-post","status-publish","format-standard","has-post-thumbnail","hentry","category-cidade","category-destaque-da-semana"],"_links":{"self":[{"href":"https:\/\/diarioregionaldigital.com.br\/index.php?rest_route=\/wp\/v2\/posts\/188693","targetHints":{"allow":["GET"]}}],"collection":[{"href":"https:\/\/diarioregionaldigital.com.br\/index.php?rest_route=\/wp\/v2\/posts"}],"about":[{"href":"https:\/\/diarioregionaldigital.com.br\/index.php?rest_route=\/wp\/v2\/types\/post"}],"author":[{"embeddable":true,"href":"https:\/\/diarioregionaldigital.com.br\/index.php?rest_route=\/wp\/v2\/users\/246"}],"replies":[{"embeddable":true,"href":"https:\/\/diarioregionaldigital.com.br\/index.php?rest_route=%2Fwp%2Fv2%2Fcomments&post=188693"}],"version-history":[{"count":1,"href":"https:\/\/diarioregionaldigital.com.br\/index.php?rest_route=\/wp\/v2\/posts\/188693\/revisions"}],"predecessor-version":[{"id":188695,"href":"https:\/\/diarioregionaldigital.com.br\/index.php?rest_route=\/wp\/v2\/posts\/188693\/revisions\/188695"}],"wp:featuredmedia":[{"embeddable":true,"href":"https:\/\/diarioregionaldigital.com.br\/index.php?rest_route=\/wp\/v2\/media\/188694"}],"wp:attachment":[{"href":"https:\/\/diarioregionaldigital.com.br\/index.php?rest_route=%2Fwp%2Fv2%2Fmedia&parent=188693"}],"wp:term":[{"taxonomy":"category","embeddable":true,"href":"https:\/\/diarioregionaldigital.com.br\/index.php?rest_route=%2Fwp%2Fv2%2Fcategories&post=188693"},{"taxonomy":"post_tag","embeddable":true,"href":"https:\/\/diarioregionaldigital.com.br\/index.php?rest_route=%2Fwp%2Fv2%2Ftags&post=188693"}],"curies":[{"name":"wp","href":"https:\/\/api.w.org\/{rel}","templated":true}]}}