{"id":188689,"date":"2021-09-22T16:59:57","date_gmt":"2021-09-22T19:59:57","guid":{"rendered":"https:\/\/diarioregionaldigital.com.br\/?p=188689"},"modified":"2021-09-22T16:59:57","modified_gmt":"2021-09-22T19:59:57","slug":"cesama-implanta-cem-metros-de-novas-redes-de-esgoto-no-jardim-natal","status":"publish","type":"post","link":"https:\/\/diarioregionaldigital.com.br\/?p=188689","title":{"rendered":"Cesama implanta cem metros de novas redes de esgoto no Jardim Natal"},"content":{"rendered":"<p>A Companhia de Saneamento Municipal (Cesama) da Prefeitura de Juiz de Fora est\u00e1 finalizando a remodela\u00e7\u00e3o de cem metros de rede de esgoto na Rua Felipe Jos\u00e9, pr\u00f3ximo ao n\u00famero 160, no bairro Jardim Natal. Para realiza\u00e7\u00e3o dos trabalhos, que contam com uma nova tubula\u00e7\u00e3o em PVC ocre, com 150 mil\u00edmetros de di\u00e2metro, o tr\u00e2nsito na via foi completamente interditado. A previs\u00e3o \u00e9 que os servi\u00e7os sejam conclu\u00eddos nesta sexta-feira, 24.<\/p>\n<p>Segundo informa\u00e7\u00f5es do site da Prefeitura de Juiz de Fora, as a\u00e7\u00f5es de remodela\u00e7\u00e3o de redes de esgoto s\u00e3o realizadas ao longo do ano, seguindo uma programa\u00e7\u00e3o de prioridades, quando \u00e9 avaliada a necessidade de troca da tubula\u00e7\u00e3o. A an\u00e1lise leva em conta a antiguidade e o desgaste do material, o fato de o dimensionamento da rede j\u00e1 n\u00e3o ser compat\u00edvel com o n\u00famero de im\u00f3veis atendidos e os transtornos causados aos usu\u00e1rios do sistema, al\u00e9m dos custos de manuten\u00e7\u00e3o.<\/p>\n","protected":false},"excerpt":{"rendered":"<p>A Companhia de Saneamento Municipal (Cesama) da Prefeitura de Juiz de Fora est\u00e1 finalizando a remodela\u00e7\u00e3o de cem metros de rede de esgoto na Rua Felipe Jos\u00e9, pr\u00f3ximo ao n\u00famero 160, no bairro Jardim Natal. Para realiza\u00e7\u00e3o dos trabalhos, que contam com uma nova tubula\u00e7\u00e3o em PVC ocre, com 150 mil\u00edmetros de di\u00e2metro, o tr\u00e2nsito [&hellip;]<\/p>\n","protected":false},"author":246,"featured_media":188690,"comment_status":"closed","ping_status":"closed","sticky":false,"template":"","format":"standard","meta":{"footnotes":""},"categories":[253,436],"tags":[],"class_list":["post-188689","post","type-post","status-publish","format-standard","has-post-thumbnail","hentry","category-cidade","category-destaque-da-semana"],"_links":{"self":[{"href":"https:\/\/diarioregionaldigital.com.br\/index.php?rest_route=\/wp\/v2\/posts\/188689","targetHints":{"allow":["GET"]}}],"collection":[{"href":"https:\/\/diarioregionaldigital.com.br\/index.php?rest_route=\/wp\/v2\/posts"}],"about":[{"href":"https:\/\/diarioregionaldigital.com.br\/index.php?rest_route=\/wp\/v2\/types\/post"}],"author":[{"embeddable":true,"href":"https:\/\/diarioregionaldigital.com.br\/index.php?rest_route=\/wp\/v2\/users\/246"}],"replies":[{"embeddable":true,"href":"https:\/\/diarioregionaldigital.com.br\/index.php?rest_route=%2Fwp%2Fv2%2Fcomments&post=188689"}],"version-history":[{"count":2,"href":"https:\/\/diarioregionaldigital.com.br\/index.php?rest_route=\/wp\/v2\/posts\/188689\/revisions"}],"predecessor-version":[{"id":188692,"href":"https:\/\/diarioregionaldigital.com.br\/index.php?rest_route=\/wp\/v2\/posts\/188689\/revisions\/188692"}],"wp:featuredmedia":[{"embeddable":true,"href":"https:\/\/diarioregionaldigital.com.br\/index.php?rest_route=\/wp\/v2\/media\/188690"}],"wp:attachment":[{"href":"https:\/\/diarioregionaldigital.com.br\/index.php?rest_route=%2Fwp%2Fv2%2Fmedia&parent=188689"}],"wp:term":[{"taxonomy":"category","embeddable":true,"href":"https:\/\/diarioregionaldigital.com.br\/index.php?rest_route=%2Fwp%2Fv2%2Fcategories&post=188689"},{"taxonomy":"post_tag","embeddable":true,"href":"https:\/\/diarioregionaldigital.com.br\/index.php?rest_route=%2Fwp%2Fv2%2Ftags&post=188689"}],"curies":[{"name":"wp","href":"https:\/\/api.w.org\/{rel}","templated":true}]}}