{"id":188686,"date":"2021-09-22T16:56:17","date_gmt":"2021-09-22T19:56:17","guid":{"rendered":"https:\/\/diarioregionaldigital.com.br\/?p=188686"},"modified":"2021-09-22T16:56:17","modified_gmt":"2021-09-22T19:56:17","slug":"smu-distribui-material-educativo-durante-a-semana-nacional-do-transito","status":"publish","type":"post","link":"https:\/\/diarioregionaldigital.com.br\/?p=188686","title":{"rendered":"SMU distribui material educativo durante a Semana Nacional do Tr\u00e2nsito"},"content":{"rendered":"<p>Seguindo com a programa\u00e7\u00e3o da Semana Nacional do Tr\u00e2nsito (SNT), nesta ter\u00e7a-feira, 21, e quarta, 22, agentes da Secretaria de Mobilidade Urbana (SMU) distribu\u00edram folders educativos sobre seguran\u00e7a no tr\u00e2nsito para pedestres e taxistas, no Sport Club, \u00e0s 8h, e no Sesc, \u00e0s 14h. A iniciativa contou com o apoio da Guarda Municipal de Juiz de Fora (GMJF).<\/p>\n<p>Segundo informa\u00e7\u00f5es do site da Prefeitura de Juiz de Fora, a supervisora de educa\u00e7\u00e3o para o tr\u00e2nsito da SMU, Renata Lutiene, contou que, nestes dois dias, foi realizado um total de mil abordagens. &#8220;A popula\u00e7\u00e3o sempre recebe muito bem esse tipo de a\u00e7\u00e3o. Ao entregar o panfleto, lembramos tamb\u00e9m sobre a responsabilidade pelo coletivo, al\u00e9m de atitudes de respeito e gentileza que cabem, n\u00e3o apenas no tr\u00e2nsito, mas em todo lugar\u201d.<\/p>\n<p><b>Webin\u00e1rio da SNT continua nesta quinta<\/b><\/p>\n<p>Nesta quinta-feira, 23, \u00e0s 19h, a SNT prossegue com o segundo dia do seu webin\u00e1rio, com transmiss\u00e3o ao vivo no\u00a0<a href=\"https:\/\/www.youtube.com\/user\/JuizdeForaPJF\"><b>canal da PJF no YouTube<\/b><\/a>. Em debate, o tema \u201cPedestres e ciclistas: a democratiza\u00e7\u00e3o das ruas\u201d. O convidados ser\u00e3o o secret\u00e1rio de Esporte e Lazer da PJF, Marcelo Matta; a presidente da Associa\u00e7\u00e3o Juizforana de Ciclismo, Giovana Rezende; e o engenheiro civil, Wilian Daniel Henriques, doutorando em Infraestrutura de Transportes pela Universidade Federal de Vi\u00e7osa (UFV).<\/p>\n<p>Institu\u00edda pelo CTB (C\u00f3digo de Tr\u00e2nsito Brasileiro) em 1997, a SNT segue at\u00e9 este s\u00e1bado, 25, tendo como objetivo promover a conscientiza\u00e7\u00e3o de condutores, ciclistas e pedestres, em prol de um tr\u00e2nsito mais seguro. Determinado pelo Conselho Nacional de Tr\u00e2nsito (Contran), o tema para este ano \u00e9 \u201cNo tr\u00e2nsito, sua responsabilidade salva vidas\u201d.<\/p>\n","protected":false},"excerpt":{"rendered":"<p>Seguindo com a programa\u00e7\u00e3o da Semana Nacional do Tr\u00e2nsito (SNT), nesta ter\u00e7a-feira, 21, e quarta, 22, agentes da Secretaria de Mobilidade Urbana (SMU) distribu\u00edram folders educativos sobre seguran\u00e7a no tr\u00e2nsito para pedestres e taxistas, no Sport Club, \u00e0s 8h, e no Sesc, \u00e0s 14h. A iniciativa contou com o apoio da Guarda Municipal de Juiz [&hellip;]<\/p>\n","protected":false},"author":246,"featured_media":188687,"comment_status":"closed","ping_status":"closed","sticky":false,"template":"","format":"standard","meta":{"footnotes":""},"categories":[253,436],"tags":[],"class_list":["post-188686","post","type-post","status-publish","format-standard","has-post-thumbnail","hentry","category-cidade","category-destaque-da-semana"],"_links":{"self":[{"href":"https:\/\/diarioregionaldigital.com.br\/index.php?rest_route=\/wp\/v2\/posts\/188686","targetHints":{"allow":["GET"]}}],"collection":[{"href":"https:\/\/diarioregionaldigital.com.br\/index.php?rest_route=\/wp\/v2\/posts"}],"about":[{"href":"https:\/\/diarioregionaldigital.com.br\/index.php?rest_route=\/wp\/v2\/types\/post"}],"author":[{"embeddable":true,"href":"https:\/\/diarioregionaldigital.com.br\/index.php?rest_route=\/wp\/v2\/users\/246"}],"replies":[{"embeddable":true,"href":"https:\/\/diarioregionaldigital.com.br\/index.php?rest_route=%2Fwp%2Fv2%2Fcomments&post=188686"}],"version-history":[{"count":1,"href":"https:\/\/diarioregionaldigital.com.br\/index.php?rest_route=\/wp\/v2\/posts\/188686\/revisions"}],"predecessor-version":[{"id":188688,"href":"https:\/\/diarioregionaldigital.com.br\/index.php?rest_route=\/wp\/v2\/posts\/188686\/revisions\/188688"}],"wp:featuredmedia":[{"embeddable":true,"href":"https:\/\/diarioregionaldigital.com.br\/index.php?rest_route=\/wp\/v2\/media\/188687"}],"wp:attachment":[{"href":"https:\/\/diarioregionaldigital.com.br\/index.php?rest_route=%2Fwp%2Fv2%2Fmedia&parent=188686"}],"wp:term":[{"taxonomy":"category","embeddable":true,"href":"https:\/\/diarioregionaldigital.com.br\/index.php?rest_route=%2Fwp%2Fv2%2Fcategories&post=188686"},{"taxonomy":"post_tag","embeddable":true,"href":"https:\/\/diarioregionaldigital.com.br\/index.php?rest_route=%2Fwp%2Fv2%2Ftags&post=188686"}],"curies":[{"name":"wp","href":"https:\/\/api.w.org\/{rel}","templated":true}]}}