{"id":188683,"date":"2021-09-22T16:53:49","date_gmt":"2021-09-22T19:53:49","guid":{"rendered":"https:\/\/diarioregionaldigital.com.br\/?p=188683"},"modified":"2021-09-22T16:53:49","modified_gmt":"2021-09-22T19:53:49","slug":"todos-os-jovens-de-14-e-15-anos-podem-receber-a-primeira-dose-contra-a-covid-19-nesta-quinta-feira","status":"publish","type":"post","link":"https:\/\/diarioregionaldigital.com.br\/?p=188683","title":{"rendered":"Todos os jovens de 14 e 15 anos podem receber a primeira dose contra a Covid-19 nesta quinta-feira"},"content":{"rendered":"<div id=\"box_texto_noticia\">Todos os jovens de 14 e 15 anos podem receber a primeira dose contra a Covid-19 nesta quinta-feira, 23, no Sport Club JF, das 8h \u00e0s 16h; no Sesc Juiz de Fora, das 14h \u00e0s 20h; e nas UBSs do Bairro de Lourdes, Bandeirantes, Benfica, Milho Branco, Nossa Senhora Aparecida, Santa Cec\u00edlia, Santa Luzia, S\u00e3o Pedro, Progresso e Vila Ideal, das 8h \u00e0s 11h e das 13h \u00e0s 14h. Na sexta, 24, ser\u00e1 a vez dos adolescentes de 12 e 13 anos receberem a dose inicial. Com isso, a campanha de imuniza\u00e7\u00e3o contra a Covid-19, realizada pela Secretaria de Sa\u00fade (SS) da Prefeitura de Juiz de Fora (PJF), atingir\u00e1 todo o p\u00fablico-alvo apto a ser vacinado, que, no momento, s\u00e3o as pessoas de 12 anos ou mais.<\/p>\n<p>Segundo informa\u00e7\u00f5es do site da Prefeitura de Juiz de Fora, a vacina\u00e7\u00e3o na sexta-feira, dia 24, que ser\u00e1 voltada aos adolescentes 12 e 13 anos completos, acontece no Sport, das 8h \u00e0s 16h; no Sesc, das 14h \u00e0s 20h; e nas dez UBSs refer\u00eancia, das 8h \u00e0s 11h e das 13h \u00e0s 16h. Como a vacina\u00e7\u00e3o \u00e9 cont\u00ednua, as pessoas, que por qualquer motivo perderem o dia do recebimento da primeira dose, seguem podendo ser imunizadas nas pr\u00f3ximas semanas. A partir do pr\u00f3ximo s\u00e1bado, 25, a aplica\u00e7\u00e3o das primeiras doses contra a Covid-19 passar\u00e1 a ser destinada a todas as pessoas com 12 anos ou mais.<\/p>\n<p><b>Documenta\u00e7\u00e3o necess\u00e1ria<\/b><\/p>\n<p>A Secretaria de Sa\u00fade pede para os adolescentes que v\u00e3o receber a vacina apresentarem originais e c\u00f3pias do documento de identidade (RG) ou da certid\u00e3o de nascimento &#8211; no caso daqueles que n\u00e3o tenham o documento de identidade -, al\u00e9m do comprovante de resid\u00eancia, que ficar\u00e1 retido no local de vacina\u00e7\u00e3o. Caso o comprovante de resid\u00eancia n\u00e3o esteja no nome de quem deseja ser vacinado, \u00e9 necess\u00e1rio apresentar c\u00f3pia do comprovante, do documento de identidade da pessoa que tem o nome no comprovante de resid\u00eancia e, ainda, a declara\u00e7\u00e3o de resid\u00eancia, que est\u00e1\u00a0<a href=\"https:\/\/covid19.pjf.mg.gov.br\/arquivos\/modelo_declaracao_de_residencia.pdf\"><b>dispon\u00edvel no site da PJF<\/b><\/a>. N\u00e3o \u00e9 obrigat\u00f3ria a presen\u00e7a de um respons\u00e1vel legal para a vacina\u00e7\u00e3o dos adolescentes.<\/p>\n<p><b>Fique atento<\/b><\/p>\n<p>A Secretaria de Sa\u00fade pede muita aten\u00e7\u00e3o \u00e0s datas, pois as pessoas devem ir no dia correspondente \u00e0s suas idades. Quem se vacinou contra Influenza e tem direito de se vacinar tamb\u00e9m contra a Covid-19 deve esperar pelo menos 15 dias entre o momento que recebeu a dose do imunizante contra a gripe para poder ser vacinado contra a Covid-19. Para quem foi diagnosticado com Covid-19, \u00e9 recomendado ao menos 30 dias de espera entre o come\u00e7o dos sintomas ou teste positivo (no caso dos assintom\u00e1ticos) para receber a vacina.<\/p>\n<p><b>Confira os endere\u00e7os dos locais de vacina\u00e7\u00e3o:<\/b><\/p>\n<p><b>Sesc Juiz de Fora<\/b><br \/>\nRua Oswaldo Aranha, 109, Centro<\/p>\n<p><b>Sport Club Juiz de Fora, das 8h \u00e0s 16h<\/b><br \/>\nAvenida Bar\u00e3o do Rio Branco, 1.303, no Centro (entrada pela avenida Brasil)<\/p>\n<p><b>10 UBSs:<\/b><br \/>\n<b>UBS Bairro Nossa Senhora de Lourdes, Rua In\u00e1cio Gama<\/b>, 813;<br \/>\n<b>UBS Benfica, Rua Guararapes<\/b>, 106;<br \/>\n<b>UBS Nossa Senhora Aparecida<\/b>, Rua Nossa Senhora Aparecida, 775;<br \/>\n<b>UBS Santa Luzia<\/b>, Rua Torre\u00f5es, s\/n\u00ba<br \/>\n<b>UBS S\u00e3o Pedro<\/b>, Rua Jo\u00e3o Louren\u00e7o Kelmer, 1.433;<br \/>\n<b>UBS Vila Ideal<\/b>, Avenida Francisco Valadares, 1.910<br \/>\n<b>UBS Milho Branco<\/b>, Rua Nicolau Schuery, s\/n\u00ba<br \/>\n<b>UBS Progresso<\/b>, Rua Jorge Knopp, n\u00ba 119<br \/>\n<b>UBS Santa Cec\u00edlia<\/b>, Rua Gabriel Rodrigues, n\u00ba 900<br \/>\n<b>UBS Bandeirantes<\/b>, Rua Laurindo Nocelli, n\u00ba 100<\/div>\n<p>&nbsp;<\/p>\n<div id=\"box_compartilhar\" align=\"right\"><\/div>\n","protected":false},"excerpt":{"rendered":"<p>Todos os jovens de 14 e 15 anos podem receber a primeira dose contra a Covid-19 nesta quinta-feira, 23, no Sport Club JF, das 8h \u00e0s 16h; no Sesc Juiz de Fora, das 14h \u00e0s 20h; e nas UBSs do Bairro de Lourdes, Bandeirantes, Benfica, Milho Branco, Nossa Senhora Aparecida, Santa Cec\u00edlia, Santa Luzia, S\u00e3o [&hellip;]<\/p>\n","protected":false},"author":246,"featured_media":188684,"comment_status":"closed","ping_status":"closed","sticky":false,"template":"","format":"standard","meta":{"footnotes":""},"categories":[253,440],"tags":[],"class_list":["post-188683","post","type-post","status-publish","format-standard","has-post-thumbnail","hentry","category-cidade","category-destaques-do-dia"],"_links":{"self":[{"href":"https:\/\/diarioregionaldigital.com.br\/index.php?rest_route=\/wp\/v2\/posts\/188683","targetHints":{"allow":["GET"]}}],"collection":[{"href":"https:\/\/diarioregionaldigital.com.br\/index.php?rest_route=\/wp\/v2\/posts"}],"about":[{"href":"https:\/\/diarioregionaldigital.com.br\/index.php?rest_route=\/wp\/v2\/types\/post"}],"author":[{"embeddable":true,"href":"https:\/\/diarioregionaldigital.com.br\/index.php?rest_route=\/wp\/v2\/users\/246"}],"replies":[{"embeddable":true,"href":"https:\/\/diarioregionaldigital.com.br\/index.php?rest_route=%2Fwp%2Fv2%2Fcomments&post=188683"}],"version-history":[{"count":1,"href":"https:\/\/diarioregionaldigital.com.br\/index.php?rest_route=\/wp\/v2\/posts\/188683\/revisions"}],"predecessor-version":[{"id":188685,"href":"https:\/\/diarioregionaldigital.com.br\/index.php?rest_route=\/wp\/v2\/posts\/188683\/revisions\/188685"}],"wp:featuredmedia":[{"embeddable":true,"href":"https:\/\/diarioregionaldigital.com.br\/index.php?rest_route=\/wp\/v2\/media\/188684"}],"wp:attachment":[{"href":"https:\/\/diarioregionaldigital.com.br\/index.php?rest_route=%2Fwp%2Fv2%2Fmedia&parent=188683"}],"wp:term":[{"taxonomy":"category","embeddable":true,"href":"https:\/\/diarioregionaldigital.com.br\/index.php?rest_route=%2Fwp%2Fv2%2Fcategories&post=188683"},{"taxonomy":"post_tag","embeddable":true,"href":"https:\/\/diarioregionaldigital.com.br\/index.php?rest_route=%2Fwp%2Fv2%2Ftags&post=188683"}],"curies":[{"name":"wp","href":"https:\/\/api.w.org\/{rel}","templated":true}]}}