{"id":188677,"date":"2021-09-22T16:40:35","date_gmt":"2021-09-22T19:40:35","guid":{"rendered":"https:\/\/diarioregionaldigital.com.br\/?p=188677"},"modified":"2021-09-22T16:40:35","modified_gmt":"2021-09-22T19:40:35","slug":"pele-divulga-video-no-hospital-e-diz-melhorar-a-cada-dia","status":"publish","type":"post","link":"https:\/\/diarioregionaldigital.com.br\/?p=188677","title":{"rendered":"Pel\u00e9 divulga v\u00eddeo no hospital e diz melhorar a cada dia"},"content":{"rendered":"<p>Pel\u00e9 publicou um v\u00eddeo em seu perfil nas redes sociais nesta ter\u00e7a-feira (21) em que aparece se exercitando em uma bicicleta ergom\u00e9trica no hospital Albert Einstein, no qual est\u00e1 internado ap\u00f3s ser submetido a uma cirurgia para retirada de um tumor no c\u00f3lon, e disse estar se sentindo \u201cum pouco melhor\u201d a cada dia.<img decoding=\"async\" src=\"https:\/\/agenciabrasil.ebc.com.br\/ebc.png?id=1422275&amp;o=node\" \/><img decoding=\"async\" src=\"https:\/\/agenciabrasil.ebc.com.br\/ebc.gif?id=1422275&amp;o=node\" \/><\/p>\n<p>\u201cAmigos, envio esse v\u00eddeo que a minha esposa fez hoje para dividir com voc\u00eas a minha alegria. Estou cercado de carinho e de incentivos para me sentir um pouco melhor todos os dias. Pedalando desse jeito, em breve eu volto pra Santos, n\u00e3o acham?\u201d, declarou o tricampe\u00e3o mundial na postagem.<\/p>\n<p>Pel\u00e9, de 80 anos, teve um tumor removido do c\u00f3lon direito no dia 4 de setembro e desde ent\u00e3o est\u00e1 internado no Albert Einstein, com mais de uma passagem pela Unidade de Terapia Intensiva (UTI).<\/p>\n<p>\u00danico jogador a ganhar tr\u00eas vezes a Copa do Mundo, Pel\u00e9 foi hospitalizado diversas vezes nos \u00faltimos anos para tratar problemas de sa\u00fade, e caminha com dificuldades devido a um problema no quadril que j\u00e1 exigiu duas cirurgias.<\/p>\n<p>Em 2019, o Rei do Futebol passou alguns dias internado em um hospital de Paris para tratar um quadro de infec\u00e7\u00e3o urin\u00e1ria diagnosticado ap\u00f3s participar de um evento na capital francesa ao lado do atacante do PSG e da sele\u00e7\u00e3o francesa Kylian Mbapp\u00e9. Na volta ao Brasil, ele tamb\u00e9m passou alguns dias no Einstein.<\/p>\n<p>Al\u00e9m disso, Pel\u00e9 j\u00e1 esteve hospitalizado nos \u00faltimos anos por causa de problemas na pr\u00f3stata e no rim.<\/p>\n<p><span style=\"font-weight: 400;\">Fonte: Ag\u00eancia Brasil <\/span><\/p>\n","protected":false},"excerpt":{"rendered":"<p>Pel\u00e9 publicou um v\u00eddeo em seu perfil nas redes sociais nesta ter\u00e7a-feira (21) em que aparece se exercitando em uma bicicleta ergom\u00e9trica no hospital Albert Einstein, no qual est\u00e1 internado ap\u00f3s ser submetido a uma cirurgia para retirada de um tumor no c\u00f3lon, e disse estar se sentindo \u201cum pouco melhor\u201d a cada dia. \u201cAmigos, [&hellip;]<\/p>\n","protected":false},"author":246,"featured_media":188678,"comment_status":"closed","ping_status":"closed","sticky":false,"template":"","format":"standard","meta":{"footnotes":""},"categories":[436,257],"tags":[],"class_list":["post-188677","post","type-post","status-publish","format-standard","has-post-thumbnail","hentry","category-destaque-da-semana","category-esporte"],"_links":{"self":[{"href":"https:\/\/diarioregionaldigital.com.br\/index.php?rest_route=\/wp\/v2\/posts\/188677","targetHints":{"allow":["GET"]}}],"collection":[{"href":"https:\/\/diarioregionaldigital.com.br\/index.php?rest_route=\/wp\/v2\/posts"}],"about":[{"href":"https:\/\/diarioregionaldigital.com.br\/index.php?rest_route=\/wp\/v2\/types\/post"}],"author":[{"embeddable":true,"href":"https:\/\/diarioregionaldigital.com.br\/index.php?rest_route=\/wp\/v2\/users\/246"}],"replies":[{"embeddable":true,"href":"https:\/\/diarioregionaldigital.com.br\/index.php?rest_route=%2Fwp%2Fv2%2Fcomments&post=188677"}],"version-history":[{"count":1,"href":"https:\/\/diarioregionaldigital.com.br\/index.php?rest_route=\/wp\/v2\/posts\/188677\/revisions"}],"predecessor-version":[{"id":188679,"href":"https:\/\/diarioregionaldigital.com.br\/index.php?rest_route=\/wp\/v2\/posts\/188677\/revisions\/188679"}],"wp:featuredmedia":[{"embeddable":true,"href":"https:\/\/diarioregionaldigital.com.br\/index.php?rest_route=\/wp\/v2\/media\/188678"}],"wp:attachment":[{"href":"https:\/\/diarioregionaldigital.com.br\/index.php?rest_route=%2Fwp%2Fv2%2Fmedia&parent=188677"}],"wp:term":[{"taxonomy":"category","embeddable":true,"href":"https:\/\/diarioregionaldigital.com.br\/index.php?rest_route=%2Fwp%2Fv2%2Fcategories&post=188677"},{"taxonomy":"post_tag","embeddable":true,"href":"https:\/\/diarioregionaldigital.com.br\/index.php?rest_route=%2Fwp%2Fv2%2Ftags&post=188677"}],"curies":[{"name":"wp","href":"https:\/\/api.w.org\/{rel}","templated":true}]}}