{"id":188670,"date":"2021-09-22T16:35:54","date_gmt":"2021-09-22T19:35:54","guid":{"rendered":"https:\/\/diarioregionaldigital.com.br\/?p=188670"},"modified":"2021-09-22T16:35:54","modified_gmt":"2021-09-22T19:35:54","slug":"libertadores-palmeiras-e-atletico-mg-empatam-sem-gols","status":"publish","type":"post","link":"https:\/\/diarioregionaldigital.com.br\/?p=188670","title":{"rendered":"Libertadores: Palmeiras e Atl\u00e9tico-MG empatam sem gols"},"content":{"rendered":"<p>O Palmeiras e o Atl\u00e9tico-MG empataram em 0 a 0, na noite desta ter\u00e7a-feira no Allianz Parque, em S\u00e3o Paulo, na partida de ida das semifinais da Libertadores da Am\u00e9rica.<img decoding=\"async\" src=\"https:\/\/agenciabrasil.ebc.com.br\/ebc.png?id=1422298&amp;o=node\" \/><\/p>\n<p>Agora, as equipes voltam a se encontrar na pr\u00f3xima ter\u00e7a-feira (28) no est\u00e1dio do Mineir\u00e3o, onde decidir\u00e3o quem garante uma vaga na grande decis\u00e3o da competi\u00e7\u00e3o continental.<\/p>\n<p>Apesar de jogar fora de casa, o Galo se imp\u00f4s na etapa inicial na base da ocupa\u00e7\u00e3o de espa\u00e7os e da troca de passes no meio de campo, enquanto o Verd\u00e3o guardava mais a defesa esperando oportunidades de partir em velocidade em jogadas de contra-ataque (uma aposta que foi muito pouco efetiva).<\/p>\n<p>E, de tanto tentar, o Atl\u00e9tico-MG teve uma oportunidade cristalina de abrir o marcador um pouco antes de intervalo. Aos 40 minutos Jair recebeu na ponta direita e cruzou para o meio da \u00e1rea, onde estava o atacante Diego Costa. Por\u00e9m, o zagueiro Gustavo G\u00f3mez chegou de carrinho e impediu o dom\u00ednio do artilheiro, cometendo p\u00eanalti.<\/p>\n<p>O atacante Hulk foi ent\u00e3o para a cobran\u00e7a e chutou forte no p\u00e9 da trave, desperdi\u00e7ando a oportunidade de dar a vantagem ao Galo.<\/p>\n<p>Na etapa final o Palmeiras melhorou, e passou a negar espa\u00e7os ao Galo, que perdeu profundidade em suas jogadas de ataque, em especial ap\u00f3s a sa\u00edda do atacante Diego Alves, que deixou o confronto aos 9 minutos ap\u00f3s sentir uma les\u00e3o.<\/p>\n<p>E, apesar de Palmeiras e Atl\u00e9tico tentarem muito, a igualdade sem gols perdurou at\u00e9 o final.<\/p>\n<p><span style=\"font-weight: 400;\">Fonte: Ag\u00eancia Brasil <\/span><\/p>\n<p><img decoding=\"async\" src=\"https:\/\/agenciabrasil.ebc.com.br\/ebc.gif?id=1422298&amp;o=node\" \/><\/p>\n","protected":false},"excerpt":{"rendered":"<p>O Palmeiras e o Atl\u00e9tico-MG empataram em 0 a 0, na noite desta ter\u00e7a-feira no Allianz Parque, em S\u00e3o Paulo, na partida de ida das semifinais da Libertadores da Am\u00e9rica. Agora, as equipes voltam a se encontrar na pr\u00f3xima ter\u00e7a-feira (28) no est\u00e1dio do Mineir\u00e3o, onde decidir\u00e3o quem garante uma vaga na grande decis\u00e3o da [&hellip;]<\/p>\n","protected":false},"author":246,"featured_media":188671,"comment_status":"closed","ping_status":"closed","sticky":false,"template":"","format":"standard","meta":{"footnotes":""},"categories":[440,257],"tags":[],"class_list":["post-188670","post","type-post","status-publish","format-standard","has-post-thumbnail","hentry","category-destaques-do-dia","category-esporte"],"_links":{"self":[{"href":"https:\/\/diarioregionaldigital.com.br\/index.php?rest_route=\/wp\/v2\/posts\/188670","targetHints":{"allow":["GET"]}}],"collection":[{"href":"https:\/\/diarioregionaldigital.com.br\/index.php?rest_route=\/wp\/v2\/posts"}],"about":[{"href":"https:\/\/diarioregionaldigital.com.br\/index.php?rest_route=\/wp\/v2\/types\/post"}],"author":[{"embeddable":true,"href":"https:\/\/diarioregionaldigital.com.br\/index.php?rest_route=\/wp\/v2\/users\/246"}],"replies":[{"embeddable":true,"href":"https:\/\/diarioregionaldigital.com.br\/index.php?rest_route=%2Fwp%2Fv2%2Fcomments&post=188670"}],"version-history":[{"count":1,"href":"https:\/\/diarioregionaldigital.com.br\/index.php?rest_route=\/wp\/v2\/posts\/188670\/revisions"}],"predecessor-version":[{"id":188672,"href":"https:\/\/diarioregionaldigital.com.br\/index.php?rest_route=\/wp\/v2\/posts\/188670\/revisions\/188672"}],"wp:featuredmedia":[{"embeddable":true,"href":"https:\/\/diarioregionaldigital.com.br\/index.php?rest_route=\/wp\/v2\/media\/188671"}],"wp:attachment":[{"href":"https:\/\/diarioregionaldigital.com.br\/index.php?rest_route=%2Fwp%2Fv2%2Fmedia&parent=188670"}],"wp:term":[{"taxonomy":"category","embeddable":true,"href":"https:\/\/diarioregionaldigital.com.br\/index.php?rest_route=%2Fwp%2Fv2%2Fcategories&post=188670"},{"taxonomy":"post_tag","embeddable":true,"href":"https:\/\/diarioregionaldigital.com.br\/index.php?rest_route=%2Fwp%2Fv2%2Ftags&post=188670"}],"curies":[{"name":"wp","href":"https:\/\/api.w.org\/{rel}","templated":true}]}}