{"id":188657,"date":"2021-09-22T16:13:30","date_gmt":"2021-09-22T19:13:30","guid":{"rendered":"https:\/\/diarioregionaldigital.com.br\/?p=188657"},"modified":"2021-09-22T16:13:30","modified_gmt":"2021-09-22T19:13:30","slug":"romeu-zema-se-reune-com-empresarios-e-apresenta-balanco-de-acoes-apos-32-meses-de-governo","status":"publish","type":"post","link":"https:\/\/diarioregionaldigital.com.br\/?p=188657","title":{"rendered":"Romeu Zema se re\u00fane com empres\u00e1rios e apresenta balan\u00e7o de a\u00e7\u00f5es ap\u00f3s 32 meses de governo"},"content":{"rendered":"<p>O governador Romeu Zema participou nesta quarta-feira (22\/9), na Cidade Administrativa, em Belo Horizonte, de um encontro h\u00edbrido (parte presencial e parte virtual) com integrantes da Open Mind Brazil, clube formado por diretores e presidentes de grandes empresas do pa\u00eds.<\/p>\n<p>Os secret\u00e1rios de\u00a0<a href=\"http:\/\/www.desenvolvimento.mg.gov.br\/\" target=\"_blank\" rel=\"noopener\">Desenvolvimento Econ\u00f4mico<\/a>, Fernando Passalio, e de Educa\u00e7\u00e3o, Julia Sant\u00b4Anna, tamb\u00e9m estiveram presentes.<\/p>\n<p>Zema fez um resumo das principais conquistas e desafios \u00e0 frente do\u00a0<a href=\"http:\/\/www.mg.gov.br\/\" target=\"_blank\" rel=\"noopener\">Governo do Estado<\/a>\u00a0desde que iniciou a gest\u00e3o.<\/p>\n<p>&#8220;Assumimos um estado arrasado e abandonado. Nesses 32 meses, todo o nosso foco foi equilibrar as contas e arrumar a casa para que Minas voltasse a ter condi\u00e7\u00f5es de ser vi\u00e1vel. Muito sacrif\u00edcio foi feito. Reduzimos secretarias de 21 para 12, conseguimos enxugar a m\u00e1quina e diminuir cargos\u201d, disse.<\/p>\n<p><strong>Outras medidas da gest\u00e3o<\/strong><\/p>\n<p>Durante a conversa com empres\u00e1rios, Zema destacou outras medidas\u00a0 concretizadas nesse tempo de governo.<\/p>\n<p>&#8220;Alcan\u00e7amos resultados positivos em v\u00e1rias \u00e1reas. Em rela\u00e7\u00e3o aos servidores, colocamos os sal\u00e1rios em dia ap\u00f3s seis anos. Se olharmos para o todo vemos que tivemos muitas melhorias. A educa\u00e7\u00e3o em Minas est\u00e1 melhor, a sa\u00fade, a seguran\u00e7a. A atra\u00e7\u00e3o de investimentos entre 2019 a 2021 foi recorde, alcan\u00e7ando R$ 136 bilh\u00f5es. E estamos muito mais transparentes em rela\u00e7\u00e3o aos gastos p\u00fablicos\u201d, pontuou.<\/p>\n<p>O CEO da Open Mind Brazil, L\u00facio Ferreira J\u00fanior, ressaltou a relev\u00e2ncia do encontro como forma de aproxima\u00e7\u00e3o entre os setores p\u00fablico e privado.<\/p>\n<p>&#8220;Empres\u00e1rios, executivos e gestores p\u00fablicos t\u00eam que trabalhar em sinergia para o bem comum. \u00c9 preciso acabar com essa mentalidade de que essa aproxima\u00e7\u00e3o \u00e9 ruim. O setor produtivo deve estimular a gera\u00e7\u00e3o de empregos, renda e dignidade social. S\u00f3 assim teremos um crescimento sustent\u00e1vel da economia&#8221;,\u00a0finalizou.<\/p>\n<p><strong>Open Mind Brazil<\/strong><\/p>\n<p>A Open Mind Brazil foi criada no in\u00edcio de 2020, ainda no come\u00e7o da pandemia. A organiza\u00e7\u00e3o composta por cerca de 370 empres\u00e1rios, presidentes e acionistas tem o objetivo de aproxim\u00e1-los com reuni\u00f5es di\u00e1rias, fortalecendo o networking e facilitando a gera\u00e7\u00e3o de novos neg\u00f3cios.<\/p>\n<p>S\u00e3o promovidos, ainda, encontros peri\u00f3dicos com representantes do setor p\u00fablico, privado, personalidades, entre outros, para debater temas relevantes da atualidade.<\/p>\n<p>Entre as empresas mineiras que participam da iniciativa est\u00e3o Lab Teste, Laborat\u00f3rio Geraldo Lustosa, TOTVS BH, Localiza, Aura Brasil, Gerdau e Hermes Pardini, entre outras.<\/p>\n<p><span style=\"font-weight: 400;\">Fonte: Ag\u00eancia Minas <\/span><\/p>\n","protected":false},"excerpt":{"rendered":"<p>O governador Romeu Zema participou nesta quarta-feira (22\/9), na Cidade Administrativa, em Belo Horizonte, de um encontro h\u00edbrido (parte presencial e parte virtual) com integrantes da Open Mind Brazil, clube formado por diretores e presidentes de grandes empresas do pa\u00eds. Os secret\u00e1rios de\u00a0Desenvolvimento Econ\u00f4mico, Fernando Passalio, e de Educa\u00e7\u00e3o, Julia Sant\u00b4Anna, tamb\u00e9m estiveram presentes. Zema [&hellip;]<\/p>\n","protected":false},"author":246,"featured_media":188658,"comment_status":"closed","ping_status":"closed","sticky":false,"template":"","format":"standard","meta":{"footnotes":""},"categories":[436,440,254,252],"tags":[],"class_list":["post-188657","post","type-post","status-publish","format-standard","has-post-thumbnail","hentry","category-destaque-da-semana","category-destaques-do-dia","category-politica","category-regiao"],"_links":{"self":[{"href":"https:\/\/diarioregionaldigital.com.br\/index.php?rest_route=\/wp\/v2\/posts\/188657","targetHints":{"allow":["GET"]}}],"collection":[{"href":"https:\/\/diarioregionaldigital.com.br\/index.php?rest_route=\/wp\/v2\/posts"}],"about":[{"href":"https:\/\/diarioregionaldigital.com.br\/index.php?rest_route=\/wp\/v2\/types\/post"}],"author":[{"embeddable":true,"href":"https:\/\/diarioregionaldigital.com.br\/index.php?rest_route=\/wp\/v2\/users\/246"}],"replies":[{"embeddable":true,"href":"https:\/\/diarioregionaldigital.com.br\/index.php?rest_route=%2Fwp%2Fv2%2Fcomments&post=188657"}],"version-history":[{"count":1,"href":"https:\/\/diarioregionaldigital.com.br\/index.php?rest_route=\/wp\/v2\/posts\/188657\/revisions"}],"predecessor-version":[{"id":188659,"href":"https:\/\/diarioregionaldigital.com.br\/index.php?rest_route=\/wp\/v2\/posts\/188657\/revisions\/188659"}],"wp:featuredmedia":[{"embeddable":true,"href":"https:\/\/diarioregionaldigital.com.br\/index.php?rest_route=\/wp\/v2\/media\/188658"}],"wp:attachment":[{"href":"https:\/\/diarioregionaldigital.com.br\/index.php?rest_route=%2Fwp%2Fv2%2Fmedia&parent=188657"}],"wp:term":[{"taxonomy":"category","embeddable":true,"href":"https:\/\/diarioregionaldigital.com.br\/index.php?rest_route=%2Fwp%2Fv2%2Fcategories&post=188657"},{"taxonomy":"post_tag","embeddable":true,"href":"https:\/\/diarioregionaldigital.com.br\/index.php?rest_route=%2Fwp%2Fv2%2Ftags&post=188657"}],"curies":[{"name":"wp","href":"https:\/\/api.w.org\/{rel}","templated":true}]}}