{"id":188654,"date":"2021-09-22T16:05:57","date_gmt":"2021-09-22T19:05:57","guid":{"rendered":"https:\/\/diarioregionaldigital.com.br\/?p=188654"},"modified":"2021-09-22T16:05:57","modified_gmt":"2021-09-22T19:05:57","slug":"copom-inicia-sexta-reuniao-do-ano-para-definir-juros-basicos","status":"publish","type":"post","link":"https:\/\/diarioregionaldigital.com.br\/?p=188654","title":{"rendered":"Copom inicia sexta reuni\u00e3o do ano para definir juros b\u00e1sicos"},"content":{"rendered":"<p>O Comit\u00ea de Pol\u00edtica Monet\u00e1ria (Copom) do Banco Central (BC) come\u00e7a\u00a0hoje\u00a0(21), em Bras\u00edlia, a\u00a0sexta\u00a0reuni\u00e3o do ano para definir a taxa b\u00e1sica de juros, a Selic, e deve repetir os aumentos promovidos nos \u00faltimos quatro encontros. Amanh\u00e3 (22), ao fim do dia, o Copom anunciar\u00e1 a decis\u00e3o.<img decoding=\"async\" src=\"https:\/\/agenciabrasil.ebc.com.br\/ebc.png?id=1422174&amp;o=node\" \/><img decoding=\"async\" src=\"https:\/\/agenciabrasil.ebc.com.br\/ebc.gif?id=1422174&amp;o=node\" \/><\/p>\n<p>Com a\u00a0<a href=\"https:\/\/agenciabrasil.ebc.com.br\/economia\/noticia\/2021-09\/puxada-pelos-combustiveis-infiacao-oficial-fecha-agosto-em-087\" target=\"_blank\" rel=\"noopener\">alta da infla\u00e7\u00e3o<\/a>\u00a0nos \u00faltimos meses, a previs\u00e3o das institui\u00e7\u00f5es financeiras \u00e9 de que a Selic deve subir de 5,25% ao ano para 6,25% ao ano, nesta reuni\u00e3o. A\u00a0<a href=\"https:\/\/agenciabrasil.ebc.com.br\/economia\/noticia\/2021-09\/mercado-financeiro-eleva-projecao-da-inflacao-para-835\" target=\"_blank\" rel=\"noopener\">expectativa de alta<\/a>\u00a0est\u00e1 no Boletim Focus, pesquisa divulgada toda semana pelo BC. Para o final de 2021, o mercado prev\u00ea que a taxa fique em 8,25% ao ano.<\/p>\n<p>Os membros do Copom tamb\u00e9m sinalizaram, na ata da \u00faltima reuni\u00e3o, que devem manter a eleva\u00e7\u00e3o da Selic no mesmo patamar de 1 ponto percentual, com uma pol\u00edtica monet\u00e1ria\u00a0<a href=\"https:\/\/agenciabrasil.ebc.com.br\/economia\/noticia\/2021-08\/riscos-fiscais-levam-bc-adotar-politica-mais-contracionista\" target=\"_blank\" rel=\"noopener\">mais contracionista<\/a>\u00a0diante da piora recente dos \u00edndices de pre\u00e7os.<\/p>\n<p>Dessa forma, a Selic continua em um ciclo de alta, depois de passar seis anos sem ser elevada. De julho de 2015 a outubro de 2016, a taxa permaneceu em 14,25% ao ano. Depois disso, o Copom voltou a reduzir os juros b\u00e1sicos da economia at\u00e9 que a taxa chegou a 6,5% ao ano, em mar\u00e7o de 2018.<\/p>\n<p>Em julho de 2019, a Selic voltou a ser reduzida at\u00e9 chegar ao menor n\u00edvel da hist\u00f3ria em agosto de 2020, em 2% ao ano. Come\u00e7ou a subir novamente em mar\u00e7o deste ano, quando avan\u00e7ou para 2,75% ao ano e, no in\u00edcio\u00a0de maio, foi elevada para 3,5% ao ano. Em junho e agosto, subiu para 4,25% ao ano e 5,25% ao ano, respectivamente.<\/p>\n<p><strong>Taxa Selic<\/strong><\/p>\n<p>A taxa b\u00e1sica de juros \u00e9 usada nas negocia\u00e7\u00f5es de t\u00edtulos p\u00fablicos emitidos pelo Tesouro Nacional no Sistema Especial de Liquida\u00e7\u00e3o e Cust\u00f3dia (Selic) e serve de refer\u00eancia para as demais taxas da economia. Ela \u00e9 o principal instrumento do Banco Central para manter a infla\u00e7\u00e3o sob controle. O BC atua diariamente por meio de opera\u00e7\u00f5es de mercado aberto \u2013 comprando e vendendo t\u00edtulos p\u00fablicos federais \u2013 para manter a taxa de juros pr\u00f3xima ao valor definido na reuni\u00e3o.<\/p>\n<p>Quando o Copom aumenta a taxa b\u00e1sica de juros, a finalidade \u00e9 conter a demanda aquecida, e isso causa reflexos nos pre\u00e7os porque os juros mais altos encarecem o cr\u00e9dito e estimulam a poupan\u00e7a. Desse modo, taxas mais altas podem conter a atividade econ\u00f4mica. Ao reduzir a Selic, a tend\u00eancia \u00e9 de que o cr\u00e9dito fique mais barato, com incentivo \u00e0 produ\u00e7\u00e3o e ao consumo, reduzindo o controle da infla\u00e7\u00e3o e estimulando a atividade econ\u00f4mica.<\/p>\n<p>Entretanto, as taxas de juros do cr\u00e9dito n\u00e3o variam na mesma propor\u00e7\u00e3o da Selic, pois a Selic \u00e9 apenas uma parte do custo do cr\u00e9dito. Os bancos tamb\u00e9m consideram outros fatores na hora de definir os juros cobrados dos consumidores, como risco de inadimpl\u00eancia, lucro e despesas administrativas.<\/p>\n<p>O Copom re\u00fane-se a cada 45 dias. No primeiro dia do encontro, s\u00e3o feitas apresenta\u00e7\u00f5es t\u00e9cnicas sobre a evolu\u00e7\u00e3o e as perspectivas das economias brasileira e mundial e o comportamento do mercado financeiro. No segundo dia, os membros do Copom, formado pela diretoria do BC, analisam as possibilidades e definem a Selic.<\/p>\n<p><strong>Infla\u00e7\u00e3o em alta<\/strong><\/p>\n<p>Para 2021, a meta de infla\u00e7\u00e3o que deve ser perseguida pelo BC, definida pelo Conselho Monet\u00e1rio Nacional, \u00e9 de 3,75%, com intervalo de toler\u00e2ncia de 1,5 ponto percentual para cima ou para baixo. Ou seja, o limite inferior \u00e9 2,25% e o superior \u00e9 5,25%.<\/p>\n<p>No \u00faltimo\u00a0<a href=\"https:\/\/agenciabrasil.ebc.com.br\/economia\/noticia\/2021-06\/bc-aumenta-projecao-de-crescimento-da-economia-de-36-para-46\" target=\"_blank\" rel=\"noopener\">Relat\u00f3rio de Infla\u00e7\u00e3o<\/a>,\u00a0divulgado no fim\u00a0de junho\u00a0pelo Banco Central, a autoridade monet\u00e1ria estimava que, em 2021, o \u00cdndice Nacional de Pre\u00e7os ao Consumidor Amplo (IPCA), que \u00e9 a infla\u00e7\u00e3o oficial do pa\u00eds, fecharia o ano em 5,82% no cen\u00e1rio base, com Selic em 6,25% ao ano e c\u00e2mbio em R$ 5,05. O novo relat\u00f3rio ser\u00e1 divulgado na semana que vem, com a previs\u00e3o atualizada, considerando a taxa Selic que ser\u00e1 definida pelo Copom nesta semana e os aumentos inflacion\u00e1rios dos \u00faltimos meses.<\/p>\n<p>Em agosto, puxada pelos combust\u00edveis, a\u00a0<a href=\"https:\/\/agenciabrasil.ebc.com.br\/economia\/noticia\/2021-09\/puxada-pelos-combustiveis-infiacao-oficial-fecha-agosto-em-087\" target=\"_blank\" rel=\"noopener\">infla\u00e7\u00e3o subiu 0,87%<\/a>, a maior infla\u00e7\u00e3o para o m\u00eas desde o ano 2000, de acordo com o Instituto Brasileiro de Geografia e Estat\u00edstica (IBGE). Com isso, o indicador acumula altas de 5,67% no ano e de 9,68% nos \u00faltimos 12 meses, o maior acumulado desde fevereiro de 2016, quando o \u00edndice alcan\u00e7ou 10,36%.<\/p>\n<p>A\u00a0<a href=\"https:\/\/agenciabrasil.ebc.com.br\/economia\/noticia\/2021-09\/mercado-financeiro-eleva-projecao-da-inflacao-para-835\" target=\"_blank\" rel=\"noopener\">proje\u00e7\u00e3o do mercado<\/a>\u00a0\u00e9 de uma infla\u00e7\u00e3o fechando o ano em 8,35%, de acordo com o \u00faltimo boletim Focus. \u00c9 a 24\u00aa alta consecutiva da previs\u00e3o das institui\u00e7\u00f5es financeiras.<\/p>\n<p><span style=\"font-weight: 400;\">Fonte: Ag\u00eancia Brasil <\/span><\/p>\n","protected":false},"excerpt":{"rendered":"<p>O Comit\u00ea de Pol\u00edtica Monet\u00e1ria (Copom) do Banco Central (BC) come\u00e7a\u00a0hoje\u00a0(21), em Bras\u00edlia, a\u00a0sexta\u00a0reuni\u00e3o do ano para definir a taxa b\u00e1sica de juros, a Selic, e deve repetir os aumentos promovidos nos \u00faltimos quatro encontros. Amanh\u00e3 (22), ao fim do dia, o Copom anunciar\u00e1 a decis\u00e3o. Com a\u00a0alta da infla\u00e7\u00e3o\u00a0nos \u00faltimos meses, a previs\u00e3o das [&hellip;]<\/p>\n","protected":false},"author":246,"featured_media":188655,"comment_status":"closed","ping_status":"closed","sticky":false,"template":"","format":"standard","meta":{"footnotes":""},"categories":[436,261],"tags":[],"class_list":["post-188654","post","type-post","status-publish","format-standard","has-post-thumbnail","hentry","category-destaque-da-semana","category-economia"],"_links":{"self":[{"href":"https:\/\/diarioregionaldigital.com.br\/index.php?rest_route=\/wp\/v2\/posts\/188654","targetHints":{"allow":["GET"]}}],"collection":[{"href":"https:\/\/diarioregionaldigital.com.br\/index.php?rest_route=\/wp\/v2\/posts"}],"about":[{"href":"https:\/\/diarioregionaldigital.com.br\/index.php?rest_route=\/wp\/v2\/types\/post"}],"author":[{"embeddable":true,"href":"https:\/\/diarioregionaldigital.com.br\/index.php?rest_route=\/wp\/v2\/users\/246"}],"replies":[{"embeddable":true,"href":"https:\/\/diarioregionaldigital.com.br\/index.php?rest_route=%2Fwp%2Fv2%2Fcomments&post=188654"}],"version-history":[{"count":1,"href":"https:\/\/diarioregionaldigital.com.br\/index.php?rest_route=\/wp\/v2\/posts\/188654\/revisions"}],"predecessor-version":[{"id":188656,"href":"https:\/\/diarioregionaldigital.com.br\/index.php?rest_route=\/wp\/v2\/posts\/188654\/revisions\/188656"}],"wp:featuredmedia":[{"embeddable":true,"href":"https:\/\/diarioregionaldigital.com.br\/index.php?rest_route=\/wp\/v2\/media\/188655"}],"wp:attachment":[{"href":"https:\/\/diarioregionaldigital.com.br\/index.php?rest_route=%2Fwp%2Fv2%2Fmedia&parent=188654"}],"wp:term":[{"taxonomy":"category","embeddable":true,"href":"https:\/\/diarioregionaldigital.com.br\/index.php?rest_route=%2Fwp%2Fv2%2Fcategories&post=188654"},{"taxonomy":"post_tag","embeddable":true,"href":"https:\/\/diarioregionaldigital.com.br\/index.php?rest_route=%2Fwp%2Fv2%2Ftags&post=188654"}],"curies":[{"name":"wp","href":"https:\/\/api.w.org\/{rel}","templated":true}]}}