{"id":188651,"date":"2021-09-22T16:00:37","date_gmt":"2021-09-22T19:00:37","guid":{"rendered":"https:\/\/diarioregionaldigital.com.br\/?p=188651"},"modified":"2021-09-22T16:00:37","modified_gmt":"2021-09-22T19:00:37","slug":"caixa-paga-hoje-auxilio-emergencial-a-nascidos-em-fevereiro-2","status":"publish","type":"post","link":"https:\/\/diarioregionaldigital.com.br\/?p=188651","title":{"rendered":"Caixa paga hoje aux\u00edlio emergencial a nascidos em fevereiro"},"content":{"rendered":"<p>Trabalhadores informais nascidos em fevereiro recebem\u00a0hoje\u00a0(22) a\u00a0sexta\u00a0parcela da nova rodada do aux\u00edlio emergencial. O benef\u00edcio\u00a0tem\u00a0parcelas de R$ 150 a R$ 375, dependendo da fam\u00edlia.<img decoding=\"async\" src=\"https:\/\/agenciabrasil.ebc.com.br\/ebc.png?id=1422302&amp;o=node\" \/><img decoding=\"async\" src=\"https:\/\/agenciabrasil.ebc.com.br\/ebc.gif?id=1422302&amp;o=node\" \/><\/p>\n<p>O pagamento tamb\u00e9m ser\u00e1 feito a inscritos no Cadastro \u00danico de Programas Sociais do Governo Federal (Cad\u00danico) nascidos no mesmo m\u00eas. O dinheiro \u00e9 depositado nas contas poupan\u00e7a digitais e pode ser movimentado pelo aplicativo Caixa Tem. Somente de duas a tr\u00eas semanas ap\u00f3s o dep\u00f3sito, o dinheiro poder\u00e1 ser sacado em esp\u00e9cie ou transferido para uma conta corrente.<\/p>\n<p>Tamb\u00e9m\u00a0hoje, recebem a\u00a0sexta\u00a0parcela do aux\u00edlio emergencial os participantes no Bolsa Fam\u00edlia com N\u00famero de Inscri\u00e7\u00e3o Social (NIS) de final 4. As datas da\u00a0<a href=\"https:\/\/agenciabrasil.ebc.com.br\/economia\/noticia\/2021-08\/prorrogacao-do-auxilio-emergencial-comecara-ser-paga-no-dia-18\">prorroga\u00e7\u00e3o do benef\u00edcio<\/a>\u00a0foram anunciadas em agosto.<\/p>\n<p>Ao todo, 45,6 milh\u00f5es de brasileiros est\u00e3o sendo beneficiados pela nova rodada do aux\u00edlio emergencial. O aux\u00edlio \u00e9 pago apenas a quem recebia o benef\u00edcio em dezembro de 2020. Tamb\u00e9m \u00e9 necess\u00e1rio cumprir outros requisitos para\u00a0ter\u00a0direito \u00e0 nova rodada.<\/p>\n<p>Para os benefici\u00e1rios do Bolsa Fam\u00edlia, o pagamento ocorre de forma distinta. Os inscritos podem sacar diretamente o dinheiro nos dez \u00faltimos dias \u00fateis de cada m\u00eas, com base no d\u00edgito final do NIS.<\/p>\n<p>O pagamento da\u00a0sexta\u00a0parcela aos inscritos no Bolsa Fam\u00edlia come\u00e7ou no \u00faltimo dia 17 e segue at\u00e9 o dia 30. O aux\u00edlio emergencial s\u00f3 \u00e9\u00a0depositado quando o valor for superior ao benef\u00edcio do programa social.<\/p>\n<p>Em todos os casos, o aux\u00edlio \u00e9 pago apenas a quem recebia o benef\u00edcio em dezembro de 2020. Tamb\u00e9m \u00e9 necess\u00e1rio cumprir outros requisitos para\u00a0ter\u00a0direito \u00e0 nova rodada.<\/p>\n<p>O programa se encerraria em julho, mas foi\u00a0<a href=\"https:\/\/agenciabrasil.ebc.com.br\/politica\/noticia\/2021-07\/governo-prorroga-auxilio-emergencial-por-mais-tres-meses\" target=\"_blank\" rel=\"noopener\">prorrogado at\u00e9 outubro<\/a>, com os mesmos valores para as parcelas.<\/p>\n<p>A\u00a0<strong>Ag\u00eancia Brasil<\/strong>\u00a0elaborou um\u00a0<a href=\"https:\/\/agenciabrasil.ebc.com.br\/economia\/noticia\/2021-04\/agencia-brasil-explica-nova-rodada-do-auxilio-emergencial\" target=\"_blank\" rel=\"noopener\">guia de perguntas e respostas<\/a>\u00a0sobre o aux\u00edlio emergencial.\u00a0Entre as d\u00favidas que o benefici\u00e1rio pode tirar est\u00e3o os crit\u00e9rios para receber o benef\u00edcio, a regulariza\u00e7\u00e3o do CPF e os crit\u00e9rios de desempate dentro da mesma fam\u00edlia para\u00a0ter\u00a0acesso ao aux\u00edlio.<\/p>\n<p><span style=\"font-weight: 400;\">Fonte: Ag\u00eancia Brasil <\/span><\/p>\n","protected":false},"excerpt":{"rendered":"<p>Trabalhadores informais nascidos em fevereiro recebem\u00a0hoje\u00a0(22) a\u00a0sexta\u00a0parcela da nova rodada do aux\u00edlio emergencial. O benef\u00edcio\u00a0tem\u00a0parcelas de R$ 150 a R$ 375, dependendo da fam\u00edlia. O pagamento tamb\u00e9m ser\u00e1 feito a inscritos no Cadastro \u00danico de Programas Sociais do Governo Federal (Cad\u00danico) nascidos no mesmo m\u00eas. O dinheiro \u00e9 depositado nas contas poupan\u00e7a digitais e pode [&hellip;]<\/p>\n","protected":false},"author":246,"featured_media":188652,"comment_status":"closed","ping_status":"closed","sticky":false,"template":"","format":"standard","meta":{"footnotes":""},"categories":[436,261],"tags":[],"class_list":["post-188651","post","type-post","status-publish","format-standard","has-post-thumbnail","hentry","category-destaque-da-semana","category-economia"],"_links":{"self":[{"href":"https:\/\/diarioregionaldigital.com.br\/index.php?rest_route=\/wp\/v2\/posts\/188651","targetHints":{"allow":["GET"]}}],"collection":[{"href":"https:\/\/diarioregionaldigital.com.br\/index.php?rest_route=\/wp\/v2\/posts"}],"about":[{"href":"https:\/\/diarioregionaldigital.com.br\/index.php?rest_route=\/wp\/v2\/types\/post"}],"author":[{"embeddable":true,"href":"https:\/\/diarioregionaldigital.com.br\/index.php?rest_route=\/wp\/v2\/users\/246"}],"replies":[{"embeddable":true,"href":"https:\/\/diarioregionaldigital.com.br\/index.php?rest_route=%2Fwp%2Fv2%2Fcomments&post=188651"}],"version-history":[{"count":1,"href":"https:\/\/diarioregionaldigital.com.br\/index.php?rest_route=\/wp\/v2\/posts\/188651\/revisions"}],"predecessor-version":[{"id":188653,"href":"https:\/\/diarioregionaldigital.com.br\/index.php?rest_route=\/wp\/v2\/posts\/188651\/revisions\/188653"}],"wp:featuredmedia":[{"embeddable":true,"href":"https:\/\/diarioregionaldigital.com.br\/index.php?rest_route=\/wp\/v2\/media\/188652"}],"wp:attachment":[{"href":"https:\/\/diarioregionaldigital.com.br\/index.php?rest_route=%2Fwp%2Fv2%2Fmedia&parent=188651"}],"wp:term":[{"taxonomy":"category","embeddable":true,"href":"https:\/\/diarioregionaldigital.com.br\/index.php?rest_route=%2Fwp%2Fv2%2Fcategories&post=188651"},{"taxonomy":"post_tag","embeddable":true,"href":"https:\/\/diarioregionaldigital.com.br\/index.php?rest_route=%2Fwp%2Fv2%2Ftags&post=188651"}],"curies":[{"name":"wp","href":"https:\/\/api.w.org\/{rel}","templated":true}]}}