{"id":188648,"date":"2021-09-22T15:58:10","date_gmt":"2021-09-22T18:58:10","guid":{"rendered":"https:\/\/diarioregionaldigital.com.br\/?p=188648"},"modified":"2021-09-22T15:58:10","modified_gmt":"2021-09-22T18:58:10","slug":"dolar-recua-e-ibovespa-apresenta-alta-apesar-da-crise-chinesa","status":"publish","type":"post","link":"https:\/\/diarioregionaldigital.com.br\/?p=188648","title":{"rendered":"D\u00f3lar recua e Ibovespa apresenta alta, apesar da crise chinesa"},"content":{"rendered":"<p>Apesar da amea\u00e7a de impacto global ap\u00f3s o\u00a0<a href=\"http:\/\/agenciabrasil.ebc.com.br\/economia\/noticia\/2021-09\/crise-da-empresa-chinesa-evergrande-faz-bolsas-do-mundo-despencarem\" target=\"_blank\" rel=\"noopener\">an\u00fancio de calote da gigante chinesa\u00a0<\/a>do mercado imobili\u00e1rio e de aquisi\u00e7\u00f5es Evergrande ontem (20), o d\u00f3lar fechou em queda hoje (21), em um movimento causado principalmente pela perspectiva de\u00a0<a href=\"https:\/\/agenciabrasil.ebc.com.br\/politica\/noticia\/2021-09\/comissao-especial-da-pec-dos-precatorios-sera-instalada-hoje-na-camara\" target=\"_blank\" rel=\"noopener\">resolu\u00e7\u00e3o para os precat\u00f3rios<\/a>.<img decoding=\"async\" src=\"https:\/\/agenciabrasil.ebc.com.br\/ebc.png?id=1422280&amp;o=node\" \/><img decoding=\"async\" src=\"https:\/\/agenciabrasil.ebc.com.br\/ebc.gif?id=1422280&amp;o=node\" \/><\/p>\n<p>Ap\u00f3s oscila\u00e7\u00f5es entre 5,338 (+0,18%) e 5,263 (-1,23%) no decorrer do dia, a moeda norte-americana apresentou queda est\u00e1vel de 0,81%, cotada a R$ 5,28. A queda \u00e9 a maior desde o \u00faltimo dia 13, quando o d\u00f3lar fechou em queda de 0,84%.<\/p>\n<p>Os mercados de a\u00e7\u00f5es dos Estados Unidos terminaram quase est\u00e1veis \u200b\u200bnesta ter\u00e7a-feira, ap\u00f3s a ampla liquida\u00e7\u00e3o no dia anterior. O banco central norte-americano (FED) realiza reuni\u00e3o de defini\u00e7\u00e3o de pol\u00edticas monet\u00e1rias que deve durar at\u00e9 quarta-feira (22), quando as novas proje\u00e7\u00f5es econ\u00f4micas dever\u00e3o ser divulgadas. A possibilidade de um novo ajuste nas taxas de juros pode afetar os mercados at\u00e9 o final da semana.<\/p>\n<p>O \u00edndice Dow Jones caiu 0,15%, e ficou em 33.920 pontos, enquanto o S&amp;P 500 perdeu 0,081%, e ficou em 4.354 pontos. O \u00edndice de tecnologia Nasdaq avan\u00e7ou 0,22%, a 14.746 pontos.<\/p>\n<p>No Brasil, o Ibovespa avan\u00e7ou 1,29% e ficou em 110.249 pontos, a primeira alta ap\u00f3s ter recuado 6,5% no acumulado das \u00faltimas cinco sess\u00f5es. O volume financeiro da sess\u00e3o somou R$ 29,8 bilh\u00f5es.<\/p>\n<p>Sobre o caso da empresa chinesa, nenhuma medida pr\u00e1tica foi aplicada ainda. O presidente da Evergrande mostrou confian\u00e7a e afirmou que a empresa &#8220;sair\u00e1 de seu momento mais sombrio&#8221;. O governo chin\u00eas n\u00e3o sinalizou interven\u00e7\u00e3o para resgatar a empresa da atual situa\u00e7\u00e3o.<\/p>\n<p><span style=\"font-weight: 400;\">Fonte: Ag\u00eancia Brasil \/ Reuters<\/span><\/p>\n","protected":false},"excerpt":{"rendered":"<p>Apesar da amea\u00e7a de impacto global ap\u00f3s o\u00a0an\u00fancio de calote da gigante chinesa\u00a0do mercado imobili\u00e1rio e de aquisi\u00e7\u00f5es Evergrande ontem (20), o d\u00f3lar fechou em queda hoje (21), em um movimento causado principalmente pela perspectiva de\u00a0resolu\u00e7\u00e3o para os precat\u00f3rios. Ap\u00f3s oscila\u00e7\u00f5es entre 5,338 (+0,18%) e 5,263 (-1,23%) no decorrer do dia, a moeda norte-americana apresentou [&hellip;]<\/p>\n","protected":false},"author":246,"featured_media":188649,"comment_status":"closed","ping_status":"closed","sticky":false,"template":"","format":"standard","meta":{"footnotes":""},"categories":[436,261],"tags":[],"class_list":["post-188648","post","type-post","status-publish","format-standard","has-post-thumbnail","hentry","category-destaque-da-semana","category-economia"],"_links":{"self":[{"href":"https:\/\/diarioregionaldigital.com.br\/index.php?rest_route=\/wp\/v2\/posts\/188648","targetHints":{"allow":["GET"]}}],"collection":[{"href":"https:\/\/diarioregionaldigital.com.br\/index.php?rest_route=\/wp\/v2\/posts"}],"about":[{"href":"https:\/\/diarioregionaldigital.com.br\/index.php?rest_route=\/wp\/v2\/types\/post"}],"author":[{"embeddable":true,"href":"https:\/\/diarioregionaldigital.com.br\/index.php?rest_route=\/wp\/v2\/users\/246"}],"replies":[{"embeddable":true,"href":"https:\/\/diarioregionaldigital.com.br\/index.php?rest_route=%2Fwp%2Fv2%2Fcomments&post=188648"}],"version-history":[{"count":1,"href":"https:\/\/diarioregionaldigital.com.br\/index.php?rest_route=\/wp\/v2\/posts\/188648\/revisions"}],"predecessor-version":[{"id":188650,"href":"https:\/\/diarioregionaldigital.com.br\/index.php?rest_route=\/wp\/v2\/posts\/188648\/revisions\/188650"}],"wp:featuredmedia":[{"embeddable":true,"href":"https:\/\/diarioregionaldigital.com.br\/index.php?rest_route=\/wp\/v2\/media\/188649"}],"wp:attachment":[{"href":"https:\/\/diarioregionaldigital.com.br\/index.php?rest_route=%2Fwp%2Fv2%2Fmedia&parent=188648"}],"wp:term":[{"taxonomy":"category","embeddable":true,"href":"https:\/\/diarioregionaldigital.com.br\/index.php?rest_route=%2Fwp%2Fv2%2Fcategories&post=188648"},{"taxonomy":"post_tag","embeddable":true,"href":"https:\/\/diarioregionaldigital.com.br\/index.php?rest_route=%2Fwp%2Fv2%2Ftags&post=188648"}],"curies":[{"name":"wp","href":"https:\/\/api.w.org\/{rel}","templated":true}]}}