{"id":188642,"date":"2021-09-22T10:27:14","date_gmt":"2021-09-22T13:27:14","guid":{"rendered":"https:\/\/diarioregionaldigital.com.br\/?p=188642"},"modified":"2021-09-22T10:27:14","modified_gmt":"2021-09-22T13:27:14","slug":"pcmg-prende-mulher-suspeita-de-trafico-e-apreende-drogas","status":"publish","type":"post","link":"https:\/\/diarioregionaldigital.com.br\/?p=188642","title":{"rendered":"PCMG prende mulher suspeita de tr\u00e1fico e apreende drogas"},"content":{"rendered":"<p>Na ter\u00e7a-feira (21\/9), a Pol\u00edcia Civil de Minas Gerais deflagrou uma opera\u00e7\u00e3o, com o intuito de combater o tr\u00e1fico, na Zona Norte do munic\u00edpio de Juiz de Fora, na Zona da Mata mineira. Durante a a\u00e7\u00e3o, uma mulher de 34 anos foi presa, suspeita de praticar o crime de tr\u00e1fico. Al\u00e9m disso, em um im\u00f3vel no bairro Jardim Natal, foram apreendidos cinco tabletes de maconha, uma barra e 20 buchas da mesma droga, 26 pedras crack, dinheiro e celular.<\/p>\n<p>Segundo a assessoria, ap\u00f3s trabalhos investigativos, policiais civis da Delegacia Especializada de Combate ao Narcotr\u00e1fico se deslocaram at\u00e9 um endere\u00e7o, onde apura\u00e7\u00f5es indicavam que estaria sendo realizada a mercancia de entorpecentes. \u201cO local contava com um port\u00e3o extremamente refor\u00e7ado e, no interior, havia uma mesa com carregador de celular. As drogas ficavam naquele local e eram entregues por interm\u00e9dio de um v\u00e3o existente nesse port\u00e3o\u201d, explica, complementando que, na ocasi\u00e3o, a mulher tentou se evadir do local, no entanto, foi abordada e presa. \u201cJ\u00e1 outros suspeitos que empreenderam fuga j\u00e1 foram identificados e ser\u00e3o intimados a prestar esclarecimentos na Delegacia\u201d, concluiu o delegado Rafael Gomes.<\/p>\n","protected":false},"excerpt":{"rendered":"<p>Na ter\u00e7a-feira (21\/9), a Pol\u00edcia Civil de Minas Gerais deflagrou uma opera\u00e7\u00e3o, com o intuito de combater o tr\u00e1fico, na Zona Norte do munic\u00edpio de Juiz de Fora, na Zona da Mata mineira. Durante a a\u00e7\u00e3o, uma mulher de 34 anos foi presa, suspeita de praticar o crime de tr\u00e1fico. Al\u00e9m disso, em um im\u00f3vel [&hellip;]<\/p>\n","protected":false},"author":246,"featured_media":188643,"comment_status":"closed","ping_status":"closed","sticky":false,"template":"","format":"standard","meta":{"footnotes":""},"categories":[301],"tags":[],"class_list":["post-188642","post","type-post","status-publish","format-standard","has-post-thumbnail","hentry","category-artigos-policiais"],"_links":{"self":[{"href":"https:\/\/diarioregionaldigital.com.br\/index.php?rest_route=\/wp\/v2\/posts\/188642","targetHints":{"allow":["GET"]}}],"collection":[{"href":"https:\/\/diarioregionaldigital.com.br\/index.php?rest_route=\/wp\/v2\/posts"}],"about":[{"href":"https:\/\/diarioregionaldigital.com.br\/index.php?rest_route=\/wp\/v2\/types\/post"}],"author":[{"embeddable":true,"href":"https:\/\/diarioregionaldigital.com.br\/index.php?rest_route=\/wp\/v2\/users\/246"}],"replies":[{"embeddable":true,"href":"https:\/\/diarioregionaldigital.com.br\/index.php?rest_route=%2Fwp%2Fv2%2Fcomments&post=188642"}],"version-history":[{"count":1,"href":"https:\/\/diarioregionaldigital.com.br\/index.php?rest_route=\/wp\/v2\/posts\/188642\/revisions"}],"predecessor-version":[{"id":188644,"href":"https:\/\/diarioregionaldigital.com.br\/index.php?rest_route=\/wp\/v2\/posts\/188642\/revisions\/188644"}],"wp:featuredmedia":[{"embeddable":true,"href":"https:\/\/diarioregionaldigital.com.br\/index.php?rest_route=\/wp\/v2\/media\/188643"}],"wp:attachment":[{"href":"https:\/\/diarioregionaldigital.com.br\/index.php?rest_route=%2Fwp%2Fv2%2Fmedia&parent=188642"}],"wp:term":[{"taxonomy":"category","embeddable":true,"href":"https:\/\/diarioregionaldigital.com.br\/index.php?rest_route=%2Fwp%2Fv2%2Fcategories&post=188642"},{"taxonomy":"post_tag","embeddable":true,"href":"https:\/\/diarioregionaldigital.com.br\/index.php?rest_route=%2Fwp%2Fv2%2Ftags&post=188642"}],"curies":[{"name":"wp","href":"https:\/\/api.w.org\/{rel}","templated":true}]}}