{"id":188633,"date":"2021-09-21T20:01:58","date_gmt":"2021-09-21T23:01:58","guid":{"rendered":"https:\/\/diarioregionaldigital.com.br\/?p=188633"},"modified":"2021-09-21T20:01:58","modified_gmt":"2021-09-21T23:01:58","slug":"operacao-tapa-buraco-atende-demandas-no-bairro-progresso","status":"publish","type":"post","link":"https:\/\/diarioregionaldigital.com.br\/?p=188633","title":{"rendered":"Opera\u00e7\u00e3o tapa-buraco atende demandas no bairro Progresso"},"content":{"rendered":"<p>Segundo informa\u00e7\u00f5es do site da Prefeitura de Juiz de Fora, prosseguindo com as atividades da semana, equipes da Empresa Municipal de Pavimenta\u00e7\u00e3o e Urbaniza\u00e7\u00e3o (Empav), realizaram nesta ter\u00e7a-feira, 21, servi\u00e7os de recomposi\u00e7\u00e3o asf\u00e1ltica, conhecido popularmente como tapa-buraco no bairro Progresso, na Rua Antonieta Maximiana Sampaio e Rua Jornalista Theo Sobrinho. Al\u00e9m dessas ruas, outras equipes atenderam demandas em mais sete bairros de Juiz de Fora, incluindo a pavimenta\u00e7\u00e3o completa da Rua Howyan, no Centro, e na Rua Ot\u00e1vio Pereira Torres, no bairro Santa Rita.<\/p>\n<p>Confira a lista completa de ruas atendidas pela Empav nesta ter\u00e7a-feira, 21:<\/p>\n<p>Rua Belo Vale &#8211; Dom Bosco<br \/>\nRua Silv\u00e9rio da Silveira &#8211; Dom Bosco<br \/>\nRua Gustavo Dodt &#8211; Dom Bosco<br \/>\nRua Jos\u00e9 Claro Dia &#8211; Dom Bosco<br \/>\nRua Antonieta Maximiana Sampaio &#8211; Progresso<br \/>\nRua Jornalista Theo Sobrinho &#8211; Progresso<br \/>\nRua Alves Junior &#8211; Centen\u00e1rio<br \/>\nRua Ant\u00f4nio Celeste &#8211; Centen\u00e1rio<br \/>\nRua Constancia Vidal &#8211; J\u00f3quei Clube<br \/>\nRua Hor\u00e1cio Jos\u00e9 Moreira &#8211; J\u00f3quei Clube<br \/>\nRua Doutor Ant\u00f4nio Mour\u00e3o Guimar\u00e3es &#8211; Santa Cruz*<br \/>\nRua Fel\u00edcio Manoel Oliveira &#8211; Santa Cruz*<br \/>\nRua Maria da Concei\u00e7\u00e3o Marinho &#8211; Santa Cruz*<br \/>\nRua Imaculada Concei\u00e7\u00e3o &#8211; Retiro*<br \/>\nRua Jos\u00e9 Francisco de Sales &#8211; Retiro*<br \/>\nRua Doutor Saulo Vilela &#8211; Retiro<\/p>\n<p>*Servi\u00e7os seguem em andamento nessas vias<\/p>\n<p>Para solicitar estes e outros servi\u00e7os, entre em contato com o Gabinete de A\u00e7\u00e3o e Di\u00e1logo Comunit\u00e1rio, que recebe e organiza pedidos relativos a interven\u00e7\u00f5es e melhorias urbanas. O contato pode ser feito atrav\u00e9s de liga\u00e7\u00e3o telef\u00f4nica pelo n\u00famero (32) 3690-7241 ou via WhatsApp, utilizando o mesmo n\u00famero.<\/p>\n","protected":false},"excerpt":{"rendered":"<p>Segundo informa\u00e7\u00f5es do site da Prefeitura de Juiz de Fora, prosseguindo com as atividades da semana, equipes da Empresa Municipal de Pavimenta\u00e7\u00e3o e Urbaniza\u00e7\u00e3o (Empav), realizaram nesta ter\u00e7a-feira, 21, servi\u00e7os de recomposi\u00e7\u00e3o asf\u00e1ltica, conhecido popularmente como tapa-buraco no bairro Progresso, na Rua Antonieta Maximiana Sampaio e Rua Jornalista Theo Sobrinho. Al\u00e9m dessas ruas, outras equipes [&hellip;]<\/p>\n","protected":false},"author":246,"featured_media":188634,"comment_status":"closed","ping_status":"closed","sticky":false,"template":"","format":"standard","meta":{"footnotes":""},"categories":[253,436],"tags":[],"class_list":["post-188633","post","type-post","status-publish","format-standard","has-post-thumbnail","hentry","category-cidade","category-destaque-da-semana"],"_links":{"self":[{"href":"https:\/\/diarioregionaldigital.com.br\/index.php?rest_route=\/wp\/v2\/posts\/188633","targetHints":{"allow":["GET"]}}],"collection":[{"href":"https:\/\/diarioregionaldigital.com.br\/index.php?rest_route=\/wp\/v2\/posts"}],"about":[{"href":"https:\/\/diarioregionaldigital.com.br\/index.php?rest_route=\/wp\/v2\/types\/post"}],"author":[{"embeddable":true,"href":"https:\/\/diarioregionaldigital.com.br\/index.php?rest_route=\/wp\/v2\/users\/246"}],"replies":[{"embeddable":true,"href":"https:\/\/diarioregionaldigital.com.br\/index.php?rest_route=%2Fwp%2Fv2%2Fcomments&post=188633"}],"version-history":[{"count":1,"href":"https:\/\/diarioregionaldigital.com.br\/index.php?rest_route=\/wp\/v2\/posts\/188633\/revisions"}],"predecessor-version":[{"id":188635,"href":"https:\/\/diarioregionaldigital.com.br\/index.php?rest_route=\/wp\/v2\/posts\/188633\/revisions\/188635"}],"wp:featuredmedia":[{"embeddable":true,"href":"https:\/\/diarioregionaldigital.com.br\/index.php?rest_route=\/wp\/v2\/media\/188634"}],"wp:attachment":[{"href":"https:\/\/diarioregionaldigital.com.br\/index.php?rest_route=%2Fwp%2Fv2%2Fmedia&parent=188633"}],"wp:term":[{"taxonomy":"category","embeddable":true,"href":"https:\/\/diarioregionaldigital.com.br\/index.php?rest_route=%2Fwp%2Fv2%2Fcategories&post=188633"},{"taxonomy":"post_tag","embeddable":true,"href":"https:\/\/diarioregionaldigital.com.br\/index.php?rest_route=%2Fwp%2Fv2%2Ftags&post=188633"}],"curies":[{"name":"wp","href":"https:\/\/api.w.org\/{rel}","templated":true}]}}