{"id":188630,"date":"2021-09-21T19:59:17","date_gmt":"2021-09-21T22:59:17","guid":{"rendered":"https:\/\/diarioregionaldigital.com.br\/?p=188630"},"modified":"2021-09-21T19:59:17","modified_gmt":"2021-09-21T22:59:17","slug":"prefeitura-lanca-edital-do-programa-nossa-agua","status":"publish","type":"post","link":"https:\/\/diarioregionaldigital.com.br\/?p=188630","title":{"rendered":"Prefeitura lan\u00e7a edital do Programa \u201cNossa \u00c1gua\u201d"},"content":{"rendered":"<p>A Prefeitura de Juiz de Fora (PJF) lan\u00e7ou, nesta ter\u00e7a-feira, 21, dia em que \u00e9 comemorado o Dia da \u00c1rvore, o \u201cNossa \u00c1gua\u201d, Programa Produtor de \u00c1gua de Juiz de Fora. O lan\u00e7amento contou com a participa\u00e7\u00e3o da prefeita Margarida Salom\u00e3o e das Secretarias envolvidas na iniciativa, al\u00e9m de representantes da Companhia de Saneamento Municipal (Cesama), Emater e do Sindicato Rural.<\/p>\n<p>Segundo informa\u00e7\u00f5es do site da Prefeitura de Juiz de Fora, o programa vai garantir o abastecimento de \u00e1gua para o munic\u00edpio, incentivando o cuidado e prote\u00e7\u00e3o das nascentes, o plantio de \u00e1rvores e a manuten\u00e7\u00e3o do solo produtivo pelos produtores(as) rurais. O produtor credenciado receber\u00e1 apoio t\u00e9cnico, capacita\u00e7\u00e3o, benfeitorias na propriedade e renda por meio do Pagamento por Servi\u00e7os Ambientais (PSA), no valor de R$ 250 por hectare cuidado. A iniciativa abrange as propriedades localizadas nas bacias de contribui\u00e7\u00e3o da represa Dr. Jo\u00e3o Penido e do Ribeir\u00e3o Esp\u00edrito Santo.<\/p>\n<p>A prefeita Margarida ponderou sobre a responsabilidade de atua\u00e7\u00e3o do poder p\u00fablico na constru\u00e7\u00e3o de a\u00e7\u00f5es que estimulem a prote\u00e7\u00e3o dos mananciais e dos grandes lagos. \u201cAs mudan\u00e7as clim\u00e1ticas convocam as autoridades p\u00fablicas a se mobilizarem pela prote\u00e7\u00e3o da \u00e1gua, uma riqueza comum, que o poder p\u00fablico tem o dever de proteger\u201d.<\/p>\n<p>Para a secret\u00e1ria de Sustentabilidade em Meio Ambiente e Atividades, Aline Junqueira, \u201co produtor e a produtora rural precisam desenvolver formas conscientes de cuidar da propriedade, de modo a proteger o meio ambiente, desenvolvendo t\u00e9cnicas de cuidados com a terra e a \u00e1gua, de forma rent\u00e1vel&#8221;, ressaltou. O projeto \u00e9 reconhecido pela Organiza\u00e7\u00e3o das Na\u00e7\u00f5es Unidas (ONU) como uma das melhores pr\u00e1ticas mundiais de conserva\u00e7\u00e3o ambiental.<\/p>\n<p>O Programa \u00e9 realizado pela Secretaria de Sustentabilidade em Meio Ambiente e Atividades Urbanas (Sesmaur), em parceria com as secretarias de Agricultura, Pecu\u00e1ria e Abastecimento (Seapa), Planejamento Urbano (Sepur), Desenvolvimento Sustent\u00e1vel e Inclusivo, da Inova\u00e7\u00e3o e Competitividade (Sedic), al\u00e9m da Cesama, e conta com o apoio da Emater e Sindicato Rural.<\/p>\n<p><b>Quem pode participar<\/b><\/p>\n<p>&#8211; Propriedade localizada no entorno da represa Dr. Jo\u00e3o Penido ou do Ribeir\u00e3o Esp\u00edrito Santo;<br \/>\n&#8211; Im\u00f3vel inscrito no Cadastro Ambiental Rural \u2013 CAR;<br \/>\n&#8211; Aus\u00eancia de pend\u00eancias com autua\u00e7\u00f5es administrativas ambientais;<br \/>\n&#8211; Comprova\u00e7\u00e3o da rela\u00e7\u00e3o de dom\u00ednio ou posse legal do im\u00f3vel;<br \/>\n&#8211; Cadastro de Pessoas F\u00edsicas (CPF) ou Cadastro Nacional de Pessoas Jur\u00eddicas (CNPJ) ativos.<\/p>\n<p><b>Como participar<\/b><\/p>\n<p>Todas as informa\u00e7\u00f5es est\u00e3o dispon\u00edveis no edital, no\u00a0<a href=\"https:\/\/www.pjf.mg.gov.br\/secretarias\/sesmaur\/meio_ambiente\/nossa-agua\/index.php\"><b>site da PJF<\/b><\/a><\/p>\n<p><b>Outras informa\u00e7\u00f5es:<\/b><br \/>\n3690-7118<\/p>\n","protected":false},"excerpt":{"rendered":"<p>A Prefeitura de Juiz de Fora (PJF) lan\u00e7ou, nesta ter\u00e7a-feira, 21, dia em que \u00e9 comemorado o Dia da \u00c1rvore, o \u201cNossa \u00c1gua\u201d, Programa Produtor de \u00c1gua de Juiz de Fora. O lan\u00e7amento contou com a participa\u00e7\u00e3o da prefeita Margarida Salom\u00e3o e das Secretarias envolvidas na iniciativa, al\u00e9m de representantes da Companhia de Saneamento Municipal [&hellip;]<\/p>\n","protected":false},"author":246,"featured_media":188631,"comment_status":"closed","ping_status":"closed","sticky":false,"template":"","format":"standard","meta":{"footnotes":""},"categories":[253,436],"tags":[],"class_list":["post-188630","post","type-post","status-publish","format-standard","has-post-thumbnail","hentry","category-cidade","category-destaque-da-semana"],"_links":{"self":[{"href":"https:\/\/diarioregionaldigital.com.br\/index.php?rest_route=\/wp\/v2\/posts\/188630","targetHints":{"allow":["GET"]}}],"collection":[{"href":"https:\/\/diarioregionaldigital.com.br\/index.php?rest_route=\/wp\/v2\/posts"}],"about":[{"href":"https:\/\/diarioregionaldigital.com.br\/index.php?rest_route=\/wp\/v2\/types\/post"}],"author":[{"embeddable":true,"href":"https:\/\/diarioregionaldigital.com.br\/index.php?rest_route=\/wp\/v2\/users\/246"}],"replies":[{"embeddable":true,"href":"https:\/\/diarioregionaldigital.com.br\/index.php?rest_route=%2Fwp%2Fv2%2Fcomments&post=188630"}],"version-history":[{"count":1,"href":"https:\/\/diarioregionaldigital.com.br\/index.php?rest_route=\/wp\/v2\/posts\/188630\/revisions"}],"predecessor-version":[{"id":188632,"href":"https:\/\/diarioregionaldigital.com.br\/index.php?rest_route=\/wp\/v2\/posts\/188630\/revisions\/188632"}],"wp:featuredmedia":[{"embeddable":true,"href":"https:\/\/diarioregionaldigital.com.br\/index.php?rest_route=\/wp\/v2\/media\/188631"}],"wp:attachment":[{"href":"https:\/\/diarioregionaldigital.com.br\/index.php?rest_route=%2Fwp%2Fv2%2Fmedia&parent=188630"}],"wp:term":[{"taxonomy":"category","embeddable":true,"href":"https:\/\/diarioregionaldigital.com.br\/index.php?rest_route=%2Fwp%2Fv2%2Fcategories&post=188630"},{"taxonomy":"post_tag","embeddable":true,"href":"https:\/\/diarioregionaldigital.com.br\/index.php?rest_route=%2Fwp%2Fv2%2Ftags&post=188630"}],"curies":[{"name":"wp","href":"https:\/\/api.w.org\/{rel}","templated":true}]}}