{"id":188627,"date":"2021-09-21T19:57:18","date_gmt":"2021-09-21T22:57:18","guid":{"rendered":"https:\/\/diarioregionaldigital.com.br\/?p=188627"},"modified":"2021-09-21T19:57:18","modified_gmt":"2021-09-21T22:57:18","slug":"pjf-ilumina-o-cristo-na-cor-violeta-pelo-dia-mundial-do-combate-ao-alzheimer","status":"publish","type":"post","link":"https:\/\/diarioregionaldigital.com.br\/?p=188627","title":{"rendered":"PJF ilumina o Cristo na cor violeta pelo Dia Mundial do Combate ao Alzheimer"},"content":{"rendered":"<div id=\"box_texto_noticia\">Segundo informa\u00e7\u00f5es do site da Prefeitura de Juiz de Fora, em homenagem ao Dia Mundial do Combate ao Alzheimer, lembrado nesta ter\u00e7a-feira, dia 21, e ao Dia Nacional de Conscientiza\u00e7\u00e3o da Doen\u00e7a, institu\u00eddo pela Lei 11.376 de 2008, a Prefeitura de Juiz de Fora (PJF) iluminou o Cristo Redentor na cor violeta, como forma de apoio e conscientiza\u00e7\u00e3o da causa, atendendo ao pedido feito pela Associa\u00e7\u00e3o Brasileira de Combate ao Alzheimer.<\/p>\n<p><b>Sobre o Alzheimer<\/b><\/p>\n<p>Ainda sem ter as causas conhecidas, a Doen\u00e7a de Alzheimer (DA) \u00e9 um transtorno neurodegenerativo progressivo e fatal que ocorre atrav\u00e9s da deteriora\u00e7\u00e3o cognitiva e da mem\u00f3ria, gerando um comprometimento progressivo das atividades di\u00e1rias, bem como altera\u00e7\u00f5es comportamentais relacionadas ao sistema neurol\u00f3gico.<\/p><\/div>\n<p>&nbsp;<\/p>\n<div id=\"box_compartilhar\" align=\"right\"><\/div>\n","protected":false},"excerpt":{"rendered":"<p>Segundo informa\u00e7\u00f5es do site da Prefeitura de Juiz de Fora, em homenagem ao Dia Mundial do Combate ao Alzheimer, lembrado nesta ter\u00e7a-feira, dia 21, e ao Dia Nacional de Conscientiza\u00e7\u00e3o da Doen\u00e7a, institu\u00eddo pela Lei 11.376 de 2008, a Prefeitura de Juiz de Fora (PJF) iluminou o Cristo Redentor na cor violeta, como forma de [&hellip;]<\/p>\n","protected":false},"author":246,"featured_media":188628,"comment_status":"closed","ping_status":"closed","sticky":false,"template":"","format":"standard","meta":{"footnotes":""},"categories":[253,436],"tags":[],"class_list":["post-188627","post","type-post","status-publish","format-standard","has-post-thumbnail","hentry","category-cidade","category-destaque-da-semana"],"_links":{"self":[{"href":"https:\/\/diarioregionaldigital.com.br\/index.php?rest_route=\/wp\/v2\/posts\/188627","targetHints":{"allow":["GET"]}}],"collection":[{"href":"https:\/\/diarioregionaldigital.com.br\/index.php?rest_route=\/wp\/v2\/posts"}],"about":[{"href":"https:\/\/diarioregionaldigital.com.br\/index.php?rest_route=\/wp\/v2\/types\/post"}],"author":[{"embeddable":true,"href":"https:\/\/diarioregionaldigital.com.br\/index.php?rest_route=\/wp\/v2\/users\/246"}],"replies":[{"embeddable":true,"href":"https:\/\/diarioregionaldigital.com.br\/index.php?rest_route=%2Fwp%2Fv2%2Fcomments&post=188627"}],"version-history":[{"count":1,"href":"https:\/\/diarioregionaldigital.com.br\/index.php?rest_route=\/wp\/v2\/posts\/188627\/revisions"}],"predecessor-version":[{"id":188629,"href":"https:\/\/diarioregionaldigital.com.br\/index.php?rest_route=\/wp\/v2\/posts\/188627\/revisions\/188629"}],"wp:featuredmedia":[{"embeddable":true,"href":"https:\/\/diarioregionaldigital.com.br\/index.php?rest_route=\/wp\/v2\/media\/188628"}],"wp:attachment":[{"href":"https:\/\/diarioregionaldigital.com.br\/index.php?rest_route=%2Fwp%2Fv2%2Fmedia&parent=188627"}],"wp:term":[{"taxonomy":"category","embeddable":true,"href":"https:\/\/diarioregionaldigital.com.br\/index.php?rest_route=%2Fwp%2Fv2%2Fcategories&post=188627"},{"taxonomy":"post_tag","embeddable":true,"href":"https:\/\/diarioregionaldigital.com.br\/index.php?rest_route=%2Fwp%2Fv2%2Ftags&post=188627"}],"curies":[{"name":"wp","href":"https:\/\/api.w.org\/{rel}","templated":true}]}}