{"id":188624,"date":"2021-09-21T19:50:37","date_gmt":"2021-09-21T22:50:37","guid":{"rendered":"https:\/\/diarioregionaldigital.com.br\/?p=188624"},"modified":"2021-09-21T19:50:37","modified_gmt":"2021-09-21T22:50:37","slug":"prefeitura-lanca-juiz-de-fora-viva-cidade-em-movimento","status":"publish","type":"post","link":"https:\/\/diarioregionaldigital.com.br\/?p=188624","title":{"rendered":"Prefeitura lan\u00e7a \u201cJuiz de Fora Viva \u2013 Cidade em Movimento\u201d"},"content":{"rendered":"<div id=\"box_texto_noticia\">A Prefeitura de Juiz de Fora lan\u00e7a, nesta ter\u00e7a-feira, 21, o novo \u201cJuiz de Fora Viva \u2013 Cidade em Movimento\u201d, para a retomada total das atividades sociais e econ\u00f4micas no munic\u00edpio. Al\u00e9m do retorno integral das atividades j\u00e1 previstas no \u201cJuiz de Fora pela Vida\u201d, a nova proposta abrange espa\u00e7os culturais e todos os tipos de eventos que, em raz\u00e3o da pandemia da Covid-19, encontram-se paralisados no munic\u00edpio. O plano ter\u00e1 aplica\u00e7\u00e3o gradual, em tr\u00eas etapas, condicionada \u00e0 conserva\u00e7\u00e3o do cen\u00e1rio epidemiol\u00f3gico favor\u00e1vel, conforme monitorado pela Prefeitura; e ao avan\u00e7o da cobertura vacinal da popula\u00e7\u00e3o total do munic\u00edpio, de acordo com as etapas previstas. Segundo informa\u00e7\u00f5es do site da Prefeitura de Juiz de Fora, o decreto entra em vigor nesta quarta-feira, dia 22.<\/p>\n<p>&#8220;A nossa cidade est\u00e1 em movimento em dire\u00e7\u00e3o a dias melhores, mas sempre cientes de que a pandemia n\u00e3o acabou. \u00c9 um fen\u00f4meno in\u00e9dito na hist\u00f3ria mundial e que ainda nos preocupa e muito, mas podemos hoje dizer que estamos em condi\u00e7\u00f5es muito melhores. Vamos vencer a pandemia, e esse dia est\u00e1 cada vez mais perto.Trabalhamos muito e, por isso, avan\u00e7amos. Superamos dificuldades diversas. Hoje, podemos inaugurar um novo programa de retomada para por, em definitivo, a cidade em movimento.<\/p>\n<p>O Juiz de Fora Viva substitui o Juiz de Fora pela Vida. Os indicadores epidemiol\u00f3gicos seguem monitorados, mas a regula\u00e7\u00e3o das atividades agora leva como base o avan\u00e7o de nossa vacina\u00e7\u00e3o&#8221;, destaca a prefeita Margarida Salom\u00e3o.<\/p>\n<p>No \u201cJuiz de Fora Viva\u201d, o acesso a determinados espa\u00e7os e estabelecimentos ser\u00e1 condicionado \u00e0 comprova\u00e7\u00e3o de imuniza\u00e7\u00e3o contra a Covid-19, que dever\u00e1 ser feita pelo aplicativo do Minist\u00e9rio da Sa\u00fade, \u201cConecte Sus\u201d, ou por cart\u00e3o de vacina\u00e7\u00e3o impresso, ambos acompanhados de documento com foto.<\/p>\n<p>Para eventos de qualquer natureza, est\u00e1dios e gin\u00e1sios, o esquema vacinal dever\u00e1 ser completo (aplica\u00e7\u00e3o de duas doses ou uma dose, no caso de imunizante de dose \u00fanica), h\u00e1, pelo menos, 14 dias. Para espa\u00e7os culturais em ambientes fechados e pontos tur\u00edsticos com controle de acesso, o esquema vacinal deve estar em dia (uma dose para os grupos em que o prazo para a aplica\u00e7\u00e3o da segunda estiver marcado para data futura). H\u00e1, ainda, a recomenda\u00e7\u00e3o de esquema vacinal em dia para academias de gin\u00e1stica, clubes, estabelecimentos econ\u00f4micos, \u00e1reas de lazer em condom\u00ednios, hot\u00e9is e hospedagens, estabelecimentos de sa\u00fade.<\/p>\n<p><b>Cen\u00e1rio permanece monitorado<\/b><\/p>\n<p>O secret\u00e1rio de Desenvolvimento Sustent\u00e1vel e Inclusivo, da Inova\u00e7\u00e3o e Competitividade, Ignacio Delgado, lembra que o regulamento do plano \u201cJuiz de Fora Viva\u201d pode ser revisto a qualquer momento, de acordo com o contexto epidemiol\u00f3gico e social, local e internacional, os quais permanecer\u00e3o sendo continuamente monitorados.<\/p>\n<p>Para o secret\u00e1rio de turismo, Marcelo do Carmo, Juiz de Fora \u201ctem um dos melhores planos do Brasil, consciente, prudente, mas que n\u00e3o significa o fim da pandemia, mas a pactua\u00e7\u00e3o dos setores para que a cidade reabra\u201d, destaca.<\/p>\n<p><b>Conhe\u00e7a as etapas \u201cJuiz de Fora Viva \u2013 Cidade em Movimento\u201d<\/b><\/p>\n<p>No novo plano municipal, os protocolos para todas as atividades e estabelecimentos foram unificados, facilitando o cumprimento pelos propriet\u00e1rios, organizadores, popula\u00e7\u00e3o e fiscaliza\u00e7\u00e3o.<\/p>\n<p><b>Etapa 1<\/b><\/p>\n<p>A Etapa 1 est\u00e1 condicionada \u00e0 vacina\u00e7\u00e3o de 40% da popula\u00e7\u00e3o total do munic\u00edpio (estimada em 577.532 pelo IBGE), portanto, j\u00e1 em vigor (o munic\u00edpio possui, hoje, 41% da popula\u00e7\u00e3o total vacinada). O distanciamento social para todas as atividades e estabelecimentos \u00e9 de 1,5 metro.<\/p>\n<p>Nesta etapa, eventos de qualquer natureza s\u00e3o permitidos, das 8h \u00e0 1h, com 60% da capacidade de espa\u00e7o. Para ambientes fechados, h\u00e1 a limita\u00e7\u00e3o de 320 pessoas, mais staff, por evento. Para locais abertos, o limite \u00e9 de 380 pessoas, mais 20% de staff.<\/p>\n<p>J\u00e1 para eventos esportivos, a limita\u00e7\u00e3o \u00e9 de 50% de p\u00fablico. A participa\u00e7\u00e3o em todos os eventos est\u00e1 condicionada ao esquema vacinal completo.<\/p>\n<p>Cinemas, teatros e locais de encena\u00e7\u00e3o voltam a funcionar com 60% da capacidade de espa\u00e7o e proibi\u00e7\u00e3o de uso de \u00f3culos 3D. Para bibliotecas e locais de pesquisa, o limite \u00e9 de 70% da capacidade de espa\u00e7o. Museus, galerias, salas de exposi\u00e7\u00f5es e similares t\u00eam limita\u00e7\u00e3o de 60% e 70% da capacidade do espa\u00e7o em ambientes fechados e abertos, respectivamente. Para estes estabelecimentos, \u00e9 obrigat\u00f3rio o esquema vacinal em dia. O hor\u00e1rio de funcionamento de bares e restaurantes permanece das 8h \u00e0 1h, diariamente.<\/p>\n<p><b>Etapa 2<\/b><\/p>\n<p>J\u00e1 a Etapa 2 est\u00e1 condicionada \u00e0 vacina\u00e7\u00e3o de 70% da popula\u00e7\u00e3o total do munic\u00edpio. O distanciamento social para todas as atividades e estabelecimentos passa a ser de 1 metro. Nesta etapa, eventos de qualquer natureza s\u00e3o permitidos, em hor\u00e1rio livre, com 70% da capacidade de espa\u00e7o, incluindo gin\u00e1sios e est\u00e1dios. A participa\u00e7\u00e3o em todos os eventos permanece condicionada ao esquema vacinal completo.<\/p>\n<p>Equipamentos culturais podem funcionar com 80% da capacidade de espa\u00e7o e obrigatoriedade do esquema vacinal em dia. O hor\u00e1rio de funcionamento de bares e restaurantes permanece das 8h \u00e0 1h, diariamente.<\/p>\n<p><b>Etapa 3<\/b><\/p>\n<p>A Etapa 3 est\u00e1 condicionada \u00e0 vacina\u00e7\u00e3o de 85% da popula\u00e7\u00e3o total do munic\u00edpio. O distanciamento social para todas as atividades e estabelecimentos permanece de 1 metro. Nesta etapa, h\u00e1 a suspens\u00e3o do uso de m\u00e1scara para atividade f\u00edsica ao ar livre, mantendo o distanciamento.<\/p>\n<p>Eventos de qualquer natureza podem funcionar com 80% da capacidade de espa\u00e7o. A participa\u00e7\u00e3o em todos os eventos permanece condicionada ao esquema vacinal completo.<br \/>\nEquipamentos culturais podem funcionar com 100% da capacidade e obrigatoriedade do esquema vacinal em dia.<\/p>\n<p>O hor\u00e1rio de funcionamento de bares e restaurantes passa a vigorar de acordo com a Lei Org\u00e2nica do munic\u00edpio.<\/p>\n<\/div>\n<div class=\"texto_anexo\"><img loading=\"lazy\" decoding=\"async\" src=\"https:\/\/www.pjf.mg.gov.br\/imagens\/clips.jpg\" width=\"22\" height=\"20\" \/>\u00a0<a href=\"https:\/\/www.pjf.mg.gov.br\/noticias\/anexo\/jf_viva_2109.pdf\" target=\"_blank\" rel=\"noopener\">Veja o anexo<\/a><\/div>\n","protected":false},"excerpt":{"rendered":"<p>A Prefeitura de Juiz de Fora lan\u00e7a, nesta ter\u00e7a-feira, 21, o novo \u201cJuiz de Fora Viva \u2013 Cidade em Movimento\u201d, para a retomada total das atividades sociais e econ\u00f4micas no munic\u00edpio. Al\u00e9m do retorno integral das atividades j\u00e1 previstas no \u201cJuiz de Fora pela Vida\u201d, a nova proposta abrange espa\u00e7os culturais e todos os tipos [&hellip;]<\/p>\n","protected":false},"author":246,"featured_media":188625,"comment_status":"closed","ping_status":"closed","sticky":false,"template":"","format":"standard","meta":{"footnotes":""},"categories":[253,440],"tags":[],"class_list":["post-188624","post","type-post","status-publish","format-standard","has-post-thumbnail","hentry","category-cidade","category-destaques-do-dia"],"_links":{"self":[{"href":"https:\/\/diarioregionaldigital.com.br\/index.php?rest_route=\/wp\/v2\/posts\/188624","targetHints":{"allow":["GET"]}}],"collection":[{"href":"https:\/\/diarioregionaldigital.com.br\/index.php?rest_route=\/wp\/v2\/posts"}],"about":[{"href":"https:\/\/diarioregionaldigital.com.br\/index.php?rest_route=\/wp\/v2\/types\/post"}],"author":[{"embeddable":true,"href":"https:\/\/diarioregionaldigital.com.br\/index.php?rest_route=\/wp\/v2\/users\/246"}],"replies":[{"embeddable":true,"href":"https:\/\/diarioregionaldigital.com.br\/index.php?rest_route=%2Fwp%2Fv2%2Fcomments&post=188624"}],"version-history":[{"count":1,"href":"https:\/\/diarioregionaldigital.com.br\/index.php?rest_route=\/wp\/v2\/posts\/188624\/revisions"}],"predecessor-version":[{"id":188626,"href":"https:\/\/diarioregionaldigital.com.br\/index.php?rest_route=\/wp\/v2\/posts\/188624\/revisions\/188626"}],"wp:featuredmedia":[{"embeddable":true,"href":"https:\/\/diarioregionaldigital.com.br\/index.php?rest_route=\/wp\/v2\/media\/188625"}],"wp:attachment":[{"href":"https:\/\/diarioregionaldigital.com.br\/index.php?rest_route=%2Fwp%2Fv2%2Fmedia&parent=188624"}],"wp:term":[{"taxonomy":"category","embeddable":true,"href":"https:\/\/diarioregionaldigital.com.br\/index.php?rest_route=%2Fwp%2Fv2%2Fcategories&post=188624"},{"taxonomy":"post_tag","embeddable":true,"href":"https:\/\/diarioregionaldigital.com.br\/index.php?rest_route=%2Fwp%2Fv2%2Ftags&post=188624"}],"curies":[{"name":"wp","href":"https:\/\/api.w.org\/{rel}","templated":true}]}}