{"id":188621,"date":"2021-09-21T19:38:27","date_gmt":"2021-09-21T22:38:27","guid":{"rendered":"https:\/\/diarioregionaldigital.com.br\/?p=188621"},"modified":"2021-09-21T19:38:27","modified_gmt":"2021-09-21T22:38:27","slug":"lesao-no-joelho-tira-messi-de-jogo-do-campeonato-frances","status":"publish","type":"post","link":"https:\/\/diarioregionaldigital.com.br\/?p=188621","title":{"rendered":"Les\u00e3o no joelho tira Messi de jogo do Campeonato Franc\u00eas"},"content":{"rendered":"<p>Uma les\u00e3o \u00f3ssea no joelho tirou o craque argentino Lionel Messi do jogo entre PSG e Metz, que acontece na pr\u00f3xima quarta-feira (22) e que \u00e9 v\u00e1lido pela 7\u00aa rodada do Campeonato Franc\u00eas, informou a equipe da capital francesa nesta ter\u00e7a-feira (21).<img decoding=\"async\" src=\"https:\/\/agenciabrasil.ebc.com.br\/ebc.png?id=1422272&amp;o=node\" \/><img decoding=\"async\" src=\"https:\/\/agenciabrasil.ebc.com.br\/ebc.gif?id=1422272&amp;o=node\" \/><\/p>\n<p>\u201cLionel Messi, ap\u00f3s a pancada recebida no joelho esquerdo, fez uma resson\u00e2ncia magn\u00e9tica hoje de manh\u00e3 que confirma os sinais de uma contus\u00e3o \u00f3ssea, e uma nova avalia\u00e7\u00e3o ser\u00e1 feita em 48 horas\u201d, anunciou o PSG atrav\u00e9s de um comunicado.<\/p>\n<div class=\"post-item alt-font\">\n<div class=\"post-item-wrap\">\n<p>O atacante argentino, que trocou o Barcelona pelo clube parisiense com um contrato de dois anos durante a pr\u00e9-temporada, foi substitu\u00eddo a 14 minutos do final da vit\u00f3ria de 2 a 1 sobre o Lyon no \u00faltimo domingo (19).<\/p>\n<p>\u201cVimos que durante o jogo ele estava sentindo o joelho e fez alguns gestos\u201d, disse o t\u00e9cnico Mauricio Pochettino em coletiva de imprensa.<\/p>\n<p>O PSG lidera o Campeonato Franc\u00eas com 18 pontos em seis partidas.<\/p>\n<p>Messi jogou meia hora contra o Stade Reims no m\u00eas passado e atuou nos dois \u00faltimos jogos, contra o Club Brugge (B\u00e9lgica), na Liga dos Campe\u00f5es, e em casa contra o Lyon.<\/p>\n<p>Ele ainda n\u00e3o fez nenhum gol pelo novo time, mas acertou o travess\u00e3o duas vezes.<\/p>\n<p><span style=\"font-weight: 400;\">Fonte: Ag\u00eancia Brasil <\/span><\/p>\n<\/div>\n<\/div>\n","protected":false},"excerpt":{"rendered":"<p>Uma les\u00e3o \u00f3ssea no joelho tirou o craque argentino Lionel Messi do jogo entre PSG e Metz, que acontece na pr\u00f3xima quarta-feira (22) e que \u00e9 v\u00e1lido pela 7\u00aa rodada do Campeonato Franc\u00eas, informou a equipe da capital francesa nesta ter\u00e7a-feira (21). \u201cLionel Messi, ap\u00f3s a pancada recebida no joelho esquerdo, fez uma resson\u00e2ncia magn\u00e9tica [&hellip;]<\/p>\n","protected":false},"author":246,"featured_media":188622,"comment_status":"closed","ping_status":"closed","sticky":false,"template":"","format":"standard","meta":{"footnotes":""},"categories":[436,257],"tags":[],"class_list":["post-188621","post","type-post","status-publish","format-standard","has-post-thumbnail","hentry","category-destaque-da-semana","category-esporte"],"_links":{"self":[{"href":"https:\/\/diarioregionaldigital.com.br\/index.php?rest_route=\/wp\/v2\/posts\/188621","targetHints":{"allow":["GET"]}}],"collection":[{"href":"https:\/\/diarioregionaldigital.com.br\/index.php?rest_route=\/wp\/v2\/posts"}],"about":[{"href":"https:\/\/diarioregionaldigital.com.br\/index.php?rest_route=\/wp\/v2\/types\/post"}],"author":[{"embeddable":true,"href":"https:\/\/diarioregionaldigital.com.br\/index.php?rest_route=\/wp\/v2\/users\/246"}],"replies":[{"embeddable":true,"href":"https:\/\/diarioregionaldigital.com.br\/index.php?rest_route=%2Fwp%2Fv2%2Fcomments&post=188621"}],"version-history":[{"count":1,"href":"https:\/\/diarioregionaldigital.com.br\/index.php?rest_route=\/wp\/v2\/posts\/188621\/revisions"}],"predecessor-version":[{"id":188623,"href":"https:\/\/diarioregionaldigital.com.br\/index.php?rest_route=\/wp\/v2\/posts\/188621\/revisions\/188623"}],"wp:featuredmedia":[{"embeddable":true,"href":"https:\/\/diarioregionaldigital.com.br\/index.php?rest_route=\/wp\/v2\/media\/188622"}],"wp:attachment":[{"href":"https:\/\/diarioregionaldigital.com.br\/index.php?rest_route=%2Fwp%2Fv2%2Fmedia&parent=188621"}],"wp:term":[{"taxonomy":"category","embeddable":true,"href":"https:\/\/diarioregionaldigital.com.br\/index.php?rest_route=%2Fwp%2Fv2%2Fcategories&post=188621"},{"taxonomy":"post_tag","embeddable":true,"href":"https:\/\/diarioregionaldigital.com.br\/index.php?rest_route=%2Fwp%2Fv2%2Ftags&post=188621"}],"curies":[{"name":"wp","href":"https:\/\/api.w.org\/{rel}","templated":true}]}}