{"id":188617,"date":"2021-09-21T19:35:52","date_gmt":"2021-09-21T22:35:52","guid":{"rendered":"https:\/\/diarioregionaldigital.com.br\/?p=188617"},"modified":"2021-09-21T19:35:52","modified_gmt":"2021-09-21T22:35:52","slug":"sp-recebe-etapa-do-circuito-mundial-de-tenis-em-cadeira-de-rodas","status":"publish","type":"post","link":"https:\/\/diarioregionaldigital.com.br\/?p=188617","title":{"rendered":"SP recebe etapa do circuito mundial de t\u00eanis em cadeira de rodas"},"content":{"rendered":"<p>Teve in\u00edcio nesta ter\u00e7a-feira (21) o Wheelchair Brasil &#8211; ITF Tennis International, etapa do circuito mundial de t\u00eanis em cadeira de rodas que acontece na Associa\u00e7\u00e3o Esportiva S\u00e3o Jos\u00e9, em S\u00e3o Jos\u00e9 dos Campos, S\u00e3o Paulo.<img decoding=\"async\" src=\"https:\/\/agenciabrasil.ebc.com.br\/ebc.png?id=1422268&amp;o=node\" \/><img decoding=\"async\" src=\"https:\/\/agenciabrasil.ebc.com.br\/ebc.gif?id=1422268&amp;o=node\" \/><\/p>\n<p>O destaque fica por conta da participa\u00e7\u00e3o de atletas do Time Brasil. O trio Daniel Rodrigues (24\u00ba do mundo), Meirycoll Duval (26\u00ba) e Ana Caldeira (46\u00ba) marcaram presen\u00e7a na Paralimp\u00edada de T\u00f3quio (Jap\u00e3o). Al\u00e9m deles, tamb\u00e9m est\u00e3o na disputa os brasileiros Bruno Makey (177\u00ba) e Felipe Santana (224\u00ba), no masculino, Lucimaria Nascimento (56\u00ba) e Maria Fernanda Alves (101\u00ba), no feminino, Augusto Fernandes (32\u00ba), Leandro Pena (sem ranking), Jo\u00e3o Lucas Takaki (6\u00ba), Cesar Silva da Rosa (18\u00ba), Arthur Dantas (sem ranking) e Jade Lanai (2\u00ba), no Juniors. Esse grupo disputa, na semana que vem, a Copa do Mundo da modalidade na It\u00e1lia.<\/p>\n<p>Ao lado dos 13 brasileiros, outros 52 atletas estrangeiros correm atr\u00e1s das primeiras coloca\u00e7\u00f5es no evento, que vai at\u00e9 a pr\u00f3xima sexta-feira (24). A competi\u00e7\u00e3o vale pontos para o ranking da ITF (Federa\u00e7\u00e3o Internacional de T\u00eanis) e da CBT (Confedera\u00e7\u00e3o Brasileira de T\u00eanis).<\/p>\n<p><span style=\"font-weight: 400;\">Fonte: Ag\u00eancia Brasil\u00a0<\/span><span style=\"font-weight: 400;\"><br \/>\n<\/span><\/p>\n","protected":false},"excerpt":{"rendered":"<p>Teve in\u00edcio nesta ter\u00e7a-feira (21) o Wheelchair Brasil &#8211; ITF Tennis International, etapa do circuito mundial de t\u00eanis em cadeira de rodas que acontece na Associa\u00e7\u00e3o Esportiva S\u00e3o Jos\u00e9, em S\u00e3o Jos\u00e9 dos Campos, S\u00e3o Paulo. O destaque fica por conta da participa\u00e7\u00e3o de atletas do Time Brasil. O trio Daniel Rodrigues (24\u00ba do mundo), [&hellip;]<\/p>\n","protected":false},"author":246,"featured_media":188618,"comment_status":"closed","ping_status":"closed","sticky":false,"template":"","format":"standard","meta":{"footnotes":""},"categories":[436,257],"tags":[],"class_list":["post-188617","post","type-post","status-publish","format-standard","has-post-thumbnail","hentry","category-destaque-da-semana","category-esporte"],"_links":{"self":[{"href":"https:\/\/diarioregionaldigital.com.br\/index.php?rest_route=\/wp\/v2\/posts\/188617","targetHints":{"allow":["GET"]}}],"collection":[{"href":"https:\/\/diarioregionaldigital.com.br\/index.php?rest_route=\/wp\/v2\/posts"}],"about":[{"href":"https:\/\/diarioregionaldigital.com.br\/index.php?rest_route=\/wp\/v2\/types\/post"}],"author":[{"embeddable":true,"href":"https:\/\/diarioregionaldigital.com.br\/index.php?rest_route=\/wp\/v2\/users\/246"}],"replies":[{"embeddable":true,"href":"https:\/\/diarioregionaldigital.com.br\/index.php?rest_route=%2Fwp%2Fv2%2Fcomments&post=188617"}],"version-history":[{"count":2,"href":"https:\/\/diarioregionaldigital.com.br\/index.php?rest_route=\/wp\/v2\/posts\/188617\/revisions"}],"predecessor-version":[{"id":188620,"href":"https:\/\/diarioregionaldigital.com.br\/index.php?rest_route=\/wp\/v2\/posts\/188617\/revisions\/188620"}],"wp:featuredmedia":[{"embeddable":true,"href":"https:\/\/diarioregionaldigital.com.br\/index.php?rest_route=\/wp\/v2\/media\/188618"}],"wp:attachment":[{"href":"https:\/\/diarioregionaldigital.com.br\/index.php?rest_route=%2Fwp%2Fv2%2Fmedia&parent=188617"}],"wp:term":[{"taxonomy":"category","embeddable":true,"href":"https:\/\/diarioregionaldigital.com.br\/index.php?rest_route=%2Fwp%2Fv2%2Fcategories&post=188617"},{"taxonomy":"post_tag","embeddable":true,"href":"https:\/\/diarioregionaldigital.com.br\/index.php?rest_route=%2Fwp%2Fv2%2Ftags&post=188617"}],"curies":[{"name":"wp","href":"https:\/\/api.w.org\/{rel}","templated":true}]}}