{"id":188613,"date":"2021-09-21T19:34:17","date_gmt":"2021-09-21T22:34:17","guid":{"rendered":"https:\/\/diarioregionaldigital.com.br\/?p=188613"},"modified":"2021-09-21T19:34:17","modified_gmt":"2021-09-21T22:34:17","slug":"judo-brasileiro-tera-equipe-renovada-em-1o-torneio-apos-olimpiada","status":"publish","type":"post","link":"https:\/\/diarioregionaldigital.com.br\/?p=188613","title":{"rendered":"Jud\u00f4 brasileiro ter\u00e1 equipe renovada em 1\u00ba torneio ap\u00f3s Olimp\u00edada"},"content":{"rendered":"<p>O ciclo ol\u00edmpico dos Jogos de Paris (Fran\u00e7a) come\u00e7a na pr\u00f3xima sexta-feira (24) para o jud\u00f4 brasileiro. O pa\u00eds ter\u00e1 oito representantes no Grand Prix de Zagreb (Cro\u00e1cia), primeira competi\u00e7\u00e3o do circuito mundial desde a Olimp\u00edada de T\u00f3quio (Jap\u00e3o). O torneio ser\u00e1 disputado at\u00e9 domingo (26) e vale at\u00e9 700 pontos no ranking da Federa\u00e7\u00e3o Internacional de Jud\u00f4 (IJF, sigla em ingl\u00eas) ao campe\u00e3o.<img decoding=\"async\" src=\"https:\/\/agenciabrasil.ebc.com.br\/ebc.png?id=1422267&amp;o=node\" \/><img decoding=\"async\" src=\"https:\/\/agenciabrasil.ebc.com.br\/ebc.gif?id=1422267&amp;o=node\" \/><\/p>\n<p>A delega\u00e7\u00e3o brasileira em Zagreb \u00e9 jovem. Seis judocas t\u00eam, no m\u00e1ximo, 23 anos, enquanto o mais velho da equipe (Edu Lowgan Ramos, da categoria at\u00e9 81 quilos) possui 26 anos. Quatro dos representantes do pa\u00eds na Cro\u00e1cia integraram o grupo de apoio da sele\u00e7\u00e3o ol\u00edmpica em T\u00f3quio, auxiliando os atletas nos treinamentos: Matheus Takaki (at\u00e9 60 quilos), Guilherme Schmidt (at\u00e9 81 quilos), Yasmin Lima (at\u00e9 52 quilos) e Luana Carvalho (at\u00e9 70 quilos).<\/p>\n<p>\u201cPude participar dos mesmos treinos que a sele\u00e7\u00e3o principal e precisava estar t\u00e3o preparado quanto eles para que pudesse agregar valor aos treinos. Foi muito intenso e aproveitei cada minuto\u201d, afirmou, ao site da Confedera\u00e7\u00e3o Brasileira de Jud\u00f4 (CBJ), Takaki, que disputa a primeira competi\u00e7\u00e3o no circuito adulto e auxiliou a prepara\u00e7\u00e3o de Eric Takabatake no Jap\u00e3o.<\/p>\n<p>N\u00famero 35 do mundo, Schmidt \u00e9 \u00fanico brasileiro que ser\u00e1 cabe\u00e7a de chave no Grand Prix. A categoria dele, por\u00e9m, \u00e9 a \u00fanica que ter\u00e1 um l\u00edder do ranking na disputa (o georgiano Tato Grigalashvili, atual vice-campe\u00e3o mundial). Entre as mulheres, Yasmin \u00e9 quem dever\u00e1 ter a maior pedreira, j\u00e1 que pode ter pela frente a francesa Astrid Gneto, s\u00e9tima na lista da IJF.<\/p>\n<p><strong>Os convocados<\/strong><\/p>\n<p>Matheus Takaki (at\u00e9 60 quilos)<br \/>\nMichael Marcelino (at\u00e9 73 quilos)<br \/>\nGuilherme Schmidt (at\u00e9 81 quilos)<br \/>\nEdu Lowgan Ramos (at\u00e9 81 quilos)<br \/>\nNatasha Ferreira (at\u00e9 48 quilos)<br \/>\nYasmin Lima (at\u00e9 52 quilos)<br \/>\nLuana Carvalho (at\u00e9 70 quilos)<br \/>\nMillena Silva (at\u00e9 70 quilos)<\/p>\n<p><span style=\"font-weight: 400;\">Fonte: Ag\u00eancia Brasil <\/span><\/p>\n","protected":false},"excerpt":{"rendered":"<p>O ciclo ol\u00edmpico dos Jogos de Paris (Fran\u00e7a) come\u00e7a na pr\u00f3xima sexta-feira (24) para o jud\u00f4 brasileiro. O pa\u00eds ter\u00e1 oito representantes no Grand Prix de Zagreb (Cro\u00e1cia), primeira competi\u00e7\u00e3o do circuito mundial desde a Olimp\u00edada de T\u00f3quio (Jap\u00e3o). O torneio ser\u00e1 disputado at\u00e9 domingo (26) e vale at\u00e9 700 pontos no ranking da Federa\u00e7\u00e3o [&hellip;]<\/p>\n","protected":false},"author":246,"featured_media":188614,"comment_status":"closed","ping_status":"closed","sticky":false,"template":"","format":"standard","meta":{"footnotes":""},"categories":[436,257],"tags":[],"class_list":["post-188613","post","type-post","status-publish","format-standard","has-post-thumbnail","hentry","category-destaque-da-semana","category-esporte"],"_links":{"self":[{"href":"https:\/\/diarioregionaldigital.com.br\/index.php?rest_route=\/wp\/v2\/posts\/188613","targetHints":{"allow":["GET"]}}],"collection":[{"href":"https:\/\/diarioregionaldigital.com.br\/index.php?rest_route=\/wp\/v2\/posts"}],"about":[{"href":"https:\/\/diarioregionaldigital.com.br\/index.php?rest_route=\/wp\/v2\/types\/post"}],"author":[{"embeddable":true,"href":"https:\/\/diarioregionaldigital.com.br\/index.php?rest_route=\/wp\/v2\/users\/246"}],"replies":[{"embeddable":true,"href":"https:\/\/diarioregionaldigital.com.br\/index.php?rest_route=%2Fwp%2Fv2%2Fcomments&post=188613"}],"version-history":[{"count":2,"href":"https:\/\/diarioregionaldigital.com.br\/index.php?rest_route=\/wp\/v2\/posts\/188613\/revisions"}],"predecessor-version":[{"id":188616,"href":"https:\/\/diarioregionaldigital.com.br\/index.php?rest_route=\/wp\/v2\/posts\/188613\/revisions\/188616"}],"wp:featuredmedia":[{"embeddable":true,"href":"https:\/\/diarioregionaldigital.com.br\/index.php?rest_route=\/wp\/v2\/media\/188614"}],"wp:attachment":[{"href":"https:\/\/diarioregionaldigital.com.br\/index.php?rest_route=%2Fwp%2Fv2%2Fmedia&parent=188613"}],"wp:term":[{"taxonomy":"category","embeddable":true,"href":"https:\/\/diarioregionaldigital.com.br\/index.php?rest_route=%2Fwp%2Fv2%2Fcategories&post=188613"},{"taxonomy":"post_tag","embeddable":true,"href":"https:\/\/diarioregionaldigital.com.br\/index.php?rest_route=%2Fwp%2Fv2%2Ftags&post=188613"}],"curies":[{"name":"wp","href":"https:\/\/api.w.org\/{rel}","templated":true}]}}